{"id":6568,"date":"2023-03-22T09:16:30","date_gmt":"2023-03-22T15:16:30","guid":{"rendered":"https:\/\/congresogro.gob.mx\/63\/inicio\/?p=6568"},"modified":"2023-03-22T09:17:15","modified_gmt":"2023-03-22T15:17:15","slug":"llaman-desde-el-congreso-a-la-construccion-de-una-nueva-ley-de-aguas-para-el-estado-de-guerrero","status":"publish","type":"post","link":"https:\/\/congresogro.gob.mx\/63\/inicio\/2023\/03\/22\/llaman-desde-el-congreso-a-la-construccion-de-una-nueva-ley-de-aguas-para-el-estado-de-guerrero\/","title":{"rendered":"LLAMAN DESDE EL CONGRESO A LA CONSTRUCCI\u00d3N DE  UNA NUEVA LEY DE AGUAS PARA EL ESTADO DE GUERRERO"},"content":{"rendered":"<p style=\"text-align: justify;\"><strong>Chilpancingo, Gro., 21 de marzo de 2023<\/strong>.- El Congreso del Estado, a trav\u00e9s de la Comisi\u00f3n del Agua, Infraestructura y Recursos Hidr\u00e1ulicos, desarroll\u00f3 la conferencia \u00abAcceso al agua. Tensiones entre derechos humanos e intereses econ\u00f3micos\u00bb, impartida por Andr\u00e9s Rodr\u00edguez Wallenius, profesor investigador de Departamento de Producci\u00f3n Econ\u00f3mica de la UAM Xochimilco.<\/p>\n<p style=\"text-align: justify;\">Este ejercicio forma parte de los \u201cDi\u00e1logos por el derecho humano al agua\u201d que organiza el citado \u00f3rgano legislativo, en el marco del D\u00eda Mundial del Agua que se conmemora este 22 de marzo, con el prop\u00f3sito de construir, en conjunto con expertos y sociedad civil, una nueva Ley de Aguas para el Estado de Guerrero.<\/p>\n<p style=\"text-align: justify;\">Al inaugurar el evento, la diputada Nora Vel\u00e1zquez Mart\u00ednez, presidenta del citado \u00f3rgano legislativo, expuso que se vive una crisis global en materia h\u00eddrica, de lo cual no est\u00e1 exento el estado y el pa\u00eds.<\/p>\n<p style=\"text-align: justify;\">En ese sentido, record\u00f3 que en la capital del estado la Comisi\u00f3n de Agua Potable y Alcantarillado de Chilpancingo ha dado a conocer que uno de los problemas principales de la carencia del vital l\u00edquido es porque las tuber\u00edas est\u00e1n tapadas con sarro, lo que hace dif\u00edcil que circule el agua que hay alrededor de las monta\u00f1as de la ciudad.<\/p>\n<p style=\"text-align: justify;\">Abund\u00f3 que, ante estos problemas, es necesario construir una nueva Ley de Aguas para el Estado de Guerrero, que haga frente a la escasez por problemas t\u00e9cnicos, pero tambi\u00e9n para preservar el vital l\u00edquido, protegiendo el medio ambiente.<\/p>\n<p style=\"text-align: justify;\">A\u00f1adi\u00f3 que la Ley de Aguas Nacionales tambi\u00e9n es obsoleta y debi\u00f3 haberse reformado desde hace m\u00e1s de diez a\u00f1os, hecho por el cual no puede atenderse la diferente problem\u00e1tica que viven las regiones del pa\u00eds.<\/p>\n<p style=\"text-align: justify;\">La legisladora enfatiz\u00f3, por \u00faltimo, que no puede volver a considerarse la privatizaci\u00f3n de los recursos naturales, ya que el agua es un derecho humano de todas y todos; por eso hizo un llamado a la ciudadan\u00eda para hacer conciencia sobre la importancia de la preservaci\u00f3n de este l\u00edquido.<\/p>\n<p style=\"text-align: justify;\">Durante la ponencia, Andr\u00e9s Rodr\u00edguez Wallenius record\u00f3 que en 2012 se modific\u00f3 el art\u00edculo 4 de la Constituci\u00f3n Pol\u00edtica de los Estados Unidos Mexicanos en materia de aguas, pero gracias a la presi\u00f3n de organizaciones civiles y colectivos, se logr\u00f3 revertir este intento de privatizaci\u00f3n.<\/p>\n<p><img loading=\"lazy\" decoding=\"async\" class=\"size-medium wp-image-6571 alignright\" src=\"https:\/\/congresogro.gob.mx\/63\/inicio\/wp-content\/uploads\/2023\/03\/CONFERENCIA-AGUA-BOL-106-2-640x338.jpeg\" alt=\"\" width=\"640\" height=\"338\" srcset=\"https:\/\/congresogro.gob.mx\/63\/inicio\/wp-content\/uploads\/2023\/03\/CONFERENCIA-AGUA-BOL-106-2-640x338.jpeg 640w, https:\/\/congresogro.gob.mx\/63\/inicio\/wp-content\/uploads\/2023\/03\/CONFERENCIA-AGUA-BOL-106-2-1280x675.jpeg 1280w, https:\/\/congresogro.gob.mx\/63\/inicio\/wp-content\/uploads\/2023\/03\/CONFERENCIA-AGUA-BOL-106-2-768x405.jpeg 768w, https:\/\/congresogro.gob.mx\/63\/inicio\/wp-content\/uploads\/2023\/03\/CONFERENCIA-AGUA-BOL-106-2-1536x810.jpeg 1536w, https:\/\/congresogro.gob.mx\/63\/inicio\/wp-content\/uploads\/2023\/03\/CONFERENCIA-AGUA-BOL-106-2-320x169.jpeg 320w, https:\/\/congresogro.gob.mx\/63\/inicio\/wp-content\/uploads\/2023\/03\/CONFERENCIA-AGUA-BOL-106-2.jpeg 1600w\" sizes=\"auto, (max-width: 640px) 100vw, 640px\" \/><\/p>\n<p style=\"text-align: justify;\">Cit\u00f3, asimismo, que \u00abtoda persona tiene derecho al acceso, disposici\u00f3n y saneamiento de agua para el consumo personal y dom\u00e9stico de forma suficiente, salubre y aceptable\u00bb. En ese sentido, mencion\u00f3 que hay un mandato derivado de la reforma constitucional para crear una ley que ya no ser\u00e1 de Aguas Nacionales, sino una que retome el sentido de derecho humano.<\/p>\n<p style=\"text-align: justify;\">En el evento estuvieron presentes el titular de la Procuradur\u00eda de Protecci\u00f3n Ambiental del Estado de Guerrero, Carlos Arturo Toledo Manzur; la coordinadora de Ecolog\u00eda de la Secretar\u00eda de Educaci\u00f3n Guerrero, Martha Bahena Betancourt; el presidente municipal de Tixtla, Mois\u00e9s Antonio Gonz\u00e1lez Caba\u00f1as, as\u00ed como representantes de la Secretar\u00eda de Gesti\u00f3n Integral de Riesgos y Protecci\u00f3n Civil, de la Secretar\u00eda de Medio Ambiente y Recursos Naturales, de la Facultad de Ciencias Qu\u00edmico Biol\u00f3gicas de la Universidad Aut\u00f3noma de Guerrero, de la Comisi\u00f3n Nacional del Agua, de la Comisi\u00f3n de Agua Potable, Alcantarillado y Saneamiento del Estado de Guerrero, de la Unidad del Sistema de Riego de la Comunidad del Jag\u00fcey, y comisarios ejidales de distintos municipios.<\/p>\n","protected":false},"excerpt":{"rendered":"<p>Chilpancingo, Gro., 21 de marzo de 2023.- El Congreso del Estado, a trav\u00e9s de la Comisi\u00f3n del Agua, Infraestructura y Recursos Hidr\u00e1ulicos, desarroll\u00f3 la conferencia \u00abAcceso al agua. Tensiones entre derechos humanos e intereses econ\u00f3micos\u00bb, impartida por Andr\u00e9s Rodr\u00edguez Wallenius, profesor investigador de Departamento de Producci\u00f3n Econ\u00f3mica de la UAM Xochimilco. Este ejercicio forma parte&#8230;<\/p>\n","protected":false},"author":1,"featured_media":6569,"comment_status":"closed","ping_status":"open","sticky":false,"template":"","format":"standard","meta":{"_monsterinsights_skip_tracking":false,"_monsterinsights_sitenote_active":false,"_monsterinsights_sitenote_note":"","_monsterinsights_sitenote_category":0,"footnotes":""},"categories":[3,32],"tags":[],"class_list":["post-6568","post","type-post","status-publish","format-standard","has-post-thumbnail","hentry","category-boletin","category-nora-yanek-velazquez-martinez"],"aioseo_notices":[],"_links":{"self":[{"href":"https:\/\/congresogro.gob.mx\/63\/inicio\/wp-json\/wp\/v2\/posts\/6568","targetHints":{"allow":["GET"]}}],"collection":[{"href":"https:\/\/congresogro.gob.mx\/63\/inicio\/wp-json\/wp\/v2\/posts"}],"about":[{"href":"https:\/\/congresogro.gob.mx\/63\/inicio\/wp-json\/wp\/v2\/types\/post"}],"author":[{"embeddable":true,"href":"https:\/\/congresogro.gob.mx\/63\/inicio\/wp-json\/wp\/v2\/users\/1"}],"replies":[{"embeddable":true,"href":"https:\/\/congresogro.gob.mx\/63\/inicio\/wp-json\/wp\/v2\/comments?post=6568"}],"version-history":[{"count":2,"href":"https:\/\/congresogro.gob.mx\/63\/inicio\/wp-json\/wp\/v2\/posts\/6568\/revisions"}],"predecessor-version":[{"id":6572,"href":"https:\/\/congresogro.gob.mx\/63\/inicio\/wp-json\/wp\/v2\/posts\/6568\/revisions\/6572"}],"wp:featuredmedia":[{"embeddable":true,"href":"https:\/\/congresogro.gob.mx\/63\/inicio\/wp-json\/wp\/v2\/media\/6569"}],"wp:attachment":[{"href":"https:\/\/congresogro.gob.mx\/63\/inicio\/wp-json\/wp\/v2\/media?parent=6568"}],"wp:term":[{"taxonomy":"category","embeddable":true,"href":"https:\/\/congresogro.gob.mx\/63\/inicio\/wp-json\/wp\/v2\/categories?post=6568"},{"taxonomy":"post_tag","embeddable":true,"href":"https:\/\/congresogro.gob.mx\/63\/inicio\/wp-json\/wp\/v2\/tags?post=6568"}],"curies":[{"name":"wp","href":"https:\/\/api.w.org\/{rel}","templated":true}]}}