{"id":653,"date":"2021-10-05T00:10:32","date_gmt":"2021-10-05T00:10:32","guid":{"rendered":"https:\/\/congresogro.gob.mx\/63\/inicio\/?p=653"},"modified":"2021-10-06T00:11:36","modified_gmt":"2021-10-06T00:11:36","slug":"nombra-congreso-del-estado-a-los-integrantes-del-concejo-municipal-provisional-de-iliatenco-guerrero","status":"publish","type":"post","link":"https:\/\/congresogro.gob.mx\/63\/inicio\/2021\/10\/05\/nombra-congreso-del-estado-a-los-integrantes-del-concejo-municipal-provisional-de-iliatenco-guerrero\/","title":{"rendered":"NOMBRA CONGRESO DEL ESTADO A LOS INTEGRANTES DEL  CONCEJO MUNICIPAL PROVISIONAL DE ILIATENCO, GUERRERO"},"content":{"rendered":"<p style=\"text-align: justify;\"><strong>Chilpancingo, Gro., 05 de octubre de 2021.-<\/strong> El Pleno del Congreso del Estado nombr\u00f3 a las y los integrantes del Concejo Municipal Provisional de Iliatenco, que gobernar\u00e1 en tanto se convoca a elecciones extraordinarias, tras la anulaci\u00f3n de la elecci\u00f3n pasada por parte del Tribunal Electoral de Poder Judicial de la Federaci\u00f3n (TEPJF).<\/p>\n<p style=\"text-align: justify;\">En la sesi\u00f3n convocada para este martes, las y los diputados de la LXIII Legislatura aprobaron el Dictamen con Proyecto de Decreto hecho por la Junta de Coordinaci\u00f3n Pol\u00edtica donde se designa a dicho Concejo, mismo que en seguida rindi\u00f3 protesta de ley ante el Pleno.<\/p>\n<p style=\"text-align: justify;\">El dictamen expone que luego de que el pasado 27 de septiembre el TEPJF anul\u00f3 la elecci\u00f3n municipal del 6 de junio del mismo a\u00f1o, el Congreso del Estado asume la facultad de nombrar a un Concejo Municipal Provisional de entre los vecinos del municipio, de conformidad con la Constituci\u00f3n Pol\u00edtica local.<\/p>\n<p style=\"text-align: justify;\">De esta manera, para cumplir con lo que establece la Constituci\u00f3n y la Ley de Instituciones y Procedimientos Electorales, la Junta de Coordinaci\u00f3n Pol\u00edtica procur\u00f3 que dicho Concejo se integrara bajo el principio de la paridad de g\u00e9nero.<\/p>\n<p style=\"text-align: justify;\">Este \u00f3rgano de gobierno que fungir\u00e1 hasta el 14 de enero del a\u00f1o siguiente de la elecci\u00f3n ser\u00e1 presidido por Crisantema Reyes Reyes y como su suplente Irma Olivera Policarpo; como s\u00edndico procurador propietario qued\u00f3 Inocencio Hern\u00e1ndez Neri y su suplente Ricardo Ram\u00edrez Ramos; primera regidora propietaria, Elo\u00edna Tom\u00e1s Olea y la suplente Estefan\u00eda Candia Guzm\u00e1n; segundo regidor propietario, Ricardo Ramos de Aquino y de suplente Jos\u00e9 Luis G\u00e1lvez Altamirano.<\/p>\n<p style=\"text-align: justify;\">La tercera regidora propietaria es Namad Mej\u00eda Cruz y su suplente Doranely Espinobarros Cant\u00fa; cuarta regidora propietaria, Anastasia S\u00e1nchez de Aquino y como suplente Victoria Mej\u00eda Zacar\u00edas; quinto regidor propietario, Jacob L\u00f3pez Flores y de suplente Yareth Facundo Valdez, y como sexta regidora propietaria Aracely Espinobarros Mart\u00ednez, quien lleva como suplente a Elizabeth Espinobarros Peralta.<\/p>\n<p style=\"text-align: justify;\">Una vez conformado el Concejo, de acuerdo con la Ley Org\u00e1nica del Municipio Libre del Estado, la elecci\u00f3n deber\u00e1 verificarse dentro de los pr\u00f3ximos 60 d\u00edas contados, por lo que inmediatamente se informar\u00e1 al Instituto Electoral y de Participaci\u00f3n Ciudadana del Estado para que, en el \u00e1mbito de sus atribuciones, lleve a cabo los actos y procedimiento necesarios para el cumplimiento de la resoluci\u00f3n del TEPJF y se informe al Instituto Nacional Electoral.<\/p>\n<p style=\"text-align: justify;\">El documento tambi\u00e9n se\u00f1ala que si dentro del t\u00e9rmino se\u00f1alado no se verifican las nuevas elecciones por causas graves, el Congreso del Estado podr\u00e1 ratificar al Concejo Municipal con car\u00e1cter de definitivo para cubrir el t\u00e9rmino legal que corresponder\u00eda al ayuntamiento que debi\u00f3 ser electo.<\/p>\n<p style=\"text-align: justify;\">Adem\u00e1s, se autoriza al Ejecutivo estatal para que realice las asignaciones presupuestales necesarias con el objeto de que el Consejo General del Instituto Electoral y de Participaci\u00f3n Ciudadana y el Tribunal Electoral del Estado lleven a cabo la organizaci\u00f3n y calificaci\u00f3n de la elecci\u00f3n extraordinaria para el Ayuntamiento de Iliatenco.<\/p>\n<p style=\"text-align: justify;\">En la misma sesi\u00f3n, la Mesa Directiva design\u00f3 a la diputada Leticia Mosso Hern\u00e1ndez y los diputados Masedonio Mendoza Basurto, Rafael Navarrete Quezada y Ociel Hugar Garc\u00eda Trujillo para representar al Congreso del Estado en ese municipio y dar posesi\u00f3n de los cargos.<\/p>\n","protected":false},"excerpt":{"rendered":"<p>Chilpancingo, Gro., 05 de octubre de 2021.- El Pleno del Congreso del Estado nombr\u00f3 a las y los integrantes del Concejo Municipal Provisional de Iliatenco, que gobernar\u00e1 en tanto se convoca a elecciones extraordinarias, tras la anulaci\u00f3n de la elecci\u00f3n pasada por parte del Tribunal Electoral de Poder Judicial de la Federaci\u00f3n (TEPJF). En la&#8230;<\/p>\n","protected":false},"author":1,"featured_media":654,"comment_status":"closed","ping_status":"open","sticky":false,"template":"","format":"standard","meta":{"_monsterinsights_skip_tracking":false,"_monsterinsights_sitenote_active":false,"_monsterinsights_sitenote_note":"","_monsterinsights_sitenote_category":0,"footnotes":""},"categories":[3],"tags":[],"class_list":["post-653","post","type-post","status-publish","format-standard","has-post-thumbnail","hentry","category-boletin"],"aioseo_notices":[],"_links":{"self":[{"href":"https:\/\/congresogro.gob.mx\/63\/inicio\/wp-json\/wp\/v2\/posts\/653","targetHints":{"allow":["GET"]}}],"collection":[{"href":"https:\/\/congresogro.gob.mx\/63\/inicio\/wp-json\/wp\/v2\/posts"}],"about":[{"href":"https:\/\/congresogro.gob.mx\/63\/inicio\/wp-json\/wp\/v2\/types\/post"}],"author":[{"embeddable":true,"href":"https:\/\/congresogro.gob.mx\/63\/inicio\/wp-json\/wp\/v2\/users\/1"}],"replies":[{"embeddable":true,"href":"https:\/\/congresogro.gob.mx\/63\/inicio\/wp-json\/wp\/v2\/comments?post=653"}],"version-history":[{"count":1,"href":"https:\/\/congresogro.gob.mx\/63\/inicio\/wp-json\/wp\/v2\/posts\/653\/revisions"}],"predecessor-version":[{"id":655,"href":"https:\/\/congresogro.gob.mx\/63\/inicio\/wp-json\/wp\/v2\/posts\/653\/revisions\/655"}],"wp:featuredmedia":[{"embeddable":true,"href":"https:\/\/congresogro.gob.mx\/63\/inicio\/wp-json\/wp\/v2\/media\/654"}],"wp:attachment":[{"href":"https:\/\/congresogro.gob.mx\/63\/inicio\/wp-json\/wp\/v2\/media?parent=653"}],"wp:term":[{"taxonomy":"category","embeddable":true,"href":"https:\/\/congresogro.gob.mx\/63\/inicio\/wp-json\/wp\/v2\/categories?post=653"},{"taxonomy":"post_tag","embeddable":true,"href":"https:\/\/congresogro.gob.mx\/63\/inicio\/wp-json\/wp\/v2\/tags?post=653"}],"curies":[{"name":"wp","href":"https:\/\/api.w.org\/{rel}","templated":true}]}}