{"id":6524,"date":"2023-03-16T22:03:28","date_gmt":"2023-03-17T04:03:28","guid":{"rendered":"https:\/\/congresogro.gob.mx\/63\/inicio\/?p=6524"},"modified":"2023-03-16T22:03:28","modified_gmt":"2023-03-17T04:03:28","slug":"analizan-reforma-para-incorporar-la-perspectiva-de-genero-en-los-distintos-ordenamientos-municipales","status":"publish","type":"post","link":"https:\/\/congresogro.gob.mx\/63\/inicio\/2023\/03\/16\/analizan-reforma-para-incorporar-la-perspectiva-de-genero-en-los-distintos-ordenamientos-municipales\/","title":{"rendered":"ANALIZAN REFORMA PARA INCORPORAR LA PERSPECTIVA DE G\u00c9NERO EN LOS DISTINTOS ORDENAMIENTOS MUNICIPALES"},"content":{"rendered":"<p style=\"text-align: justify;\"><strong>Chilpancingo, Gro., 16 de marzo de 2023<\/strong>.- El diputado Carlos Cruz L\u00f3pez present\u00f3 una iniciativa de reforma a la Constituci\u00f3n Pol\u00edtica del Estado de Guerrero para que se lleven a cabo las modificaciones necesarias en el Bando de Polic\u00eda y Gobierno de los municipios, as\u00ed como en los reglamentos, circulares y disposiciones administrativas, a fin de incorporar la perspectiva de g\u00e9nero y el lenguaje incluyente, con el objeto de eliminar los roles que producen discriminaci\u00f3n y desigualdad de las mujeres en relaci\u00f3n con los hombres.<\/p>\n<p style=\"text-align: justify;\">En su exposici\u00f3n de motivos, el legislador del Grupo Parlamentario de Morena sostuvo que el municipio, como instancia de gobierno m\u00e1s cercana a las necesidades e intereses de la ciudadan\u00eda, es el ente p\u00fablico m\u00e1s adecuado para intervenir en materia de igualdad de oportunidades entre hombres y mujeres.<\/p>\n<p style=\"text-align: justify;\">Expres\u00f3 que un paso determinante en el tr\u00e1nsito de la institucionalizaci\u00f3n y transversalidad de la perspectiva de g\u00e9nero es la realizaci\u00f3n de un ordenamiento general de gobierno municipal que d\u00e9 impulso al desarrollo de mujeres y hombres, poniendo atenci\u00f3n a las diferentes necesidades de g\u00e9nero.<\/p>\n<p style=\"text-align: justify;\">Cruz L\u00f3pez reiter\u00f3 la necesidad de llevar a cabo estas modificaciones tanto en la Constituci\u00f3n Pol\u00edtica local como en los Bandos de Polic\u00eda y Gobierno municipales, adem\u00e1s de reglamentos, circulares y disposiciones administrativas, mediante procesos met\u00f3dicos que inciten a realizar acciones para eliminar los roles y estereotipos de g\u00e9nero que reproducen la discriminaci\u00f3n y desigualdad en contra de las mujeres.<\/p>\n<p style=\"text-align: justify;\">Esta iniciativa que reforma la fracci\u00f3n II del art\u00edculo 178 de la Constituci\u00f3n Pol\u00edtica del Estado fue turnada a la Comisi\u00f3n de Estudios Constitucionales y Jur\u00eddicos, para su correspondiente an\u00e1lisis y dictaminaci\u00f3n.<\/p>\n","protected":false},"excerpt":{"rendered":"<p>Chilpancingo, Gro., 16 de marzo de 2023.- El diputado Carlos Cruz L\u00f3pez present\u00f3 una iniciativa de reforma a la Constituci\u00f3n Pol\u00edtica del Estado de Guerrero para que se lleven a cabo las modificaciones necesarias en el Bando de Polic\u00eda y Gobierno de los municipios, as\u00ed como en los reglamentos, circulares y disposiciones administrativas, a fin&#8230;<\/p>\n","protected":false},"author":1,"featured_media":6525,"comment_status":"closed","ping_status":"open","sticky":false,"template":"","format":"standard","meta":{"_monsterinsights_skip_tracking":false,"_monsterinsights_sitenote_active":false,"_monsterinsights_sitenote_note":"","_monsterinsights_sitenote_category":0,"footnotes":""},"categories":[3,26],"tags":[],"class_list":["post-6524","post","type-post","status-publish","format-standard","has-post-thumbnail","hentry","category-boletin","category-carlos-cruz-lopez"],"aioseo_notices":[],"_links":{"self":[{"href":"https:\/\/congresogro.gob.mx\/63\/inicio\/wp-json\/wp\/v2\/posts\/6524","targetHints":{"allow":["GET"]}}],"collection":[{"href":"https:\/\/congresogro.gob.mx\/63\/inicio\/wp-json\/wp\/v2\/posts"}],"about":[{"href":"https:\/\/congresogro.gob.mx\/63\/inicio\/wp-json\/wp\/v2\/types\/post"}],"author":[{"embeddable":true,"href":"https:\/\/congresogro.gob.mx\/63\/inicio\/wp-json\/wp\/v2\/users\/1"}],"replies":[{"embeddable":true,"href":"https:\/\/congresogro.gob.mx\/63\/inicio\/wp-json\/wp\/v2\/comments?post=6524"}],"version-history":[{"count":1,"href":"https:\/\/congresogro.gob.mx\/63\/inicio\/wp-json\/wp\/v2\/posts\/6524\/revisions"}],"predecessor-version":[{"id":6526,"href":"https:\/\/congresogro.gob.mx\/63\/inicio\/wp-json\/wp\/v2\/posts\/6524\/revisions\/6526"}],"wp:featuredmedia":[{"embeddable":true,"href":"https:\/\/congresogro.gob.mx\/63\/inicio\/wp-json\/wp\/v2\/media\/6525"}],"wp:attachment":[{"href":"https:\/\/congresogro.gob.mx\/63\/inicio\/wp-json\/wp\/v2\/media?parent=6524"}],"wp:term":[{"taxonomy":"category","embeddable":true,"href":"https:\/\/congresogro.gob.mx\/63\/inicio\/wp-json\/wp\/v2\/categories?post=6524"},{"taxonomy":"post_tag","embeddable":true,"href":"https:\/\/congresogro.gob.mx\/63\/inicio\/wp-json\/wp\/v2\/tags?post=6524"}],"curies":[{"name":"wp","href":"https:\/\/api.w.org\/{rel}","templated":true}]}}