{"id":6521,"date":"2023-03-16T14:32:44","date_gmt":"2023-03-16T20:32:44","guid":{"rendered":"https:\/\/congresogro.gob.mx\/63\/inicio\/?p=6521"},"modified":"2023-03-16T14:32:44","modified_gmt":"2023-03-16T20:32:44","slug":"realiza-congreso-el-conversatorio-como-vivir-la-menopausia-en-la-actualidad","status":"publish","type":"post","link":"https:\/\/congresogro.gob.mx\/63\/inicio\/2023\/03\/16\/realiza-congreso-el-conversatorio-como-vivir-la-menopausia-en-la-actualidad\/","title":{"rendered":"REALIZA CONGRESO EL CONVERSATORIO \u00abC\u00d3MO VIVIR LA MENOPAUSIA EN LA ACTUALIDAD"},"content":{"rendered":"<p style=\"text-align: justify;\">El Congreso del Estado de Guerrero, a trav\u00e9s del Instituto de Estudios Parlamentarios Eduardo Neri (IEPEN), desarroll\u00f3 este mi\u00e9rcoles el conversatorio \u00abC\u00f3mo vivir la menopausia en la actualidad\u00bb, en el que un equipo multidisciplinario expuso la variedad de recursos disponibles para que las mujeres transiten de mejor manera esta etapa de su vida.<br \/>\nAl inaugurar el evento, la diputada Patricia Doroteo Calder\u00f3n, acompa\u00f1ada de la diputada Ana Lenis Res\u00e9ndiz Javier, destac\u00f3 la importancia de contar con informaci\u00f3n de este tipo que facilita a las mujeres el disfrute de una vida plena.<br \/>\nParticiparon en el conversatorio el m\u00e9dico gineco-obstetra Julio C\u00e9sar Polanco Garc\u00eda con la ponencia \u00abLa menopausia y el climaterio\u00bb; la doctora especialista en medicina biol\u00f3gica funcional Emma Valenzo Abraj\u00e1n con \u00abClimaterio, \u00bfedad o enfermedad?\u00bb; la psic\u00f3loga Guadalupe Ponce Ozuna con \u00abEfectos psicol\u00f3gicos de la menopausia\u00bb; la fisioterapista Elsa Daniela Abogado Fuentes con \u00abLa importancia de la actividad f\u00edsica en la menopausia\u00bb, y la representante legal de la Asociaci\u00f3n Mujeres Guerrerenses por la Democracia, Olimpia Jaimes L\u00f3pez, con \u00abAvances y Alcances en materia legal sobre el tema de la salud de las mujeres\u00bb.<br \/>\nAsistieron al evento el secretario de Servicios Financieros y Administrativos del Congreso, Andr\u00e9s Rosendo Orozco Pintos; el director del IEPEN, Eusebio P\u00e9rez Almontes; la titular de la Unidad para la Igualdad de G\u00e9nero, Mayra Morales Tacuba; el director de Comunicaci\u00f3n, Roberto Ram\u00edrez Bravo y la subdirectora de Recursos Humanos, Juanita Avil\u00e9s Rodr\u00edguez, as\u00ed como representantes de la Fiscal\u00eda General del Estado, de la Auditor\u00eda Superior del Estado y de la Secretar\u00eda de Salud.<\/p>\n<div><\/div>\n","protected":false},"excerpt":{"rendered":"<p>El Congreso del Estado de Guerrero, a trav\u00e9s del Instituto de Estudios Parlamentarios Eduardo Neri (IEPEN), desarroll\u00f3 este mi\u00e9rcoles el conversatorio \u00abC\u00f3mo vivir la menopausia en la actualidad\u00bb, en el que un equipo multidisciplinario expuso la variedad de recursos disponibles para que las mujeres transiten de mejor manera esta etapa de su vida. Al inaugurar&#8230;<\/p>\n","protected":false},"author":1,"featured_media":6522,"comment_status":"closed","ping_status":"open","sticky":false,"template":"","format":"standard","meta":{"_monsterinsights_skip_tracking":false,"_monsterinsights_sitenote_active":false,"_monsterinsights_sitenote_note":"","_monsterinsights_sitenote_category":0,"footnotes":""},"categories":[3],"tags":[],"class_list":["post-6521","post","type-post","status-publish","format-standard","has-post-thumbnail","hentry","category-boletin"],"aioseo_notices":[],"_links":{"self":[{"href":"https:\/\/congresogro.gob.mx\/63\/inicio\/wp-json\/wp\/v2\/posts\/6521","targetHints":{"allow":["GET"]}}],"collection":[{"href":"https:\/\/congresogro.gob.mx\/63\/inicio\/wp-json\/wp\/v2\/posts"}],"about":[{"href":"https:\/\/congresogro.gob.mx\/63\/inicio\/wp-json\/wp\/v2\/types\/post"}],"author":[{"embeddable":true,"href":"https:\/\/congresogro.gob.mx\/63\/inicio\/wp-json\/wp\/v2\/users\/1"}],"replies":[{"embeddable":true,"href":"https:\/\/congresogro.gob.mx\/63\/inicio\/wp-json\/wp\/v2\/comments?post=6521"}],"version-history":[{"count":1,"href":"https:\/\/congresogro.gob.mx\/63\/inicio\/wp-json\/wp\/v2\/posts\/6521\/revisions"}],"predecessor-version":[{"id":6523,"href":"https:\/\/congresogro.gob.mx\/63\/inicio\/wp-json\/wp\/v2\/posts\/6521\/revisions\/6523"}],"wp:featuredmedia":[{"embeddable":true,"href":"https:\/\/congresogro.gob.mx\/63\/inicio\/wp-json\/wp\/v2\/media\/6522"}],"wp:attachment":[{"href":"https:\/\/congresogro.gob.mx\/63\/inicio\/wp-json\/wp\/v2\/media?parent=6521"}],"wp:term":[{"taxonomy":"category","embeddable":true,"href":"https:\/\/congresogro.gob.mx\/63\/inicio\/wp-json\/wp\/v2\/categories?post=6521"},{"taxonomy":"post_tag","embeddable":true,"href":"https:\/\/congresogro.gob.mx\/63\/inicio\/wp-json\/wp\/v2\/tags?post=6521"}],"curies":[{"name":"wp","href":"https:\/\/api.w.org\/{rel}","templated":true}]}}