{"id":6518,"date":"2023-03-15T14:29:18","date_gmt":"2023-03-15T20:29:18","guid":{"rendered":"https:\/\/congresogro.gob.mx\/63\/inicio\/?p=6518"},"modified":"2023-03-16T14:31:42","modified_gmt":"2023-03-16T20:31:42","slug":"plantean-reformas-para-considerar-como-discriminacion-y-violencia-el-impedimento-de-la-lactancia-en-espacios-publicos","status":"publish","type":"post","link":"https:\/\/congresogro.gob.mx\/63\/inicio\/2023\/03\/15\/plantean-reformas-para-considerar-como-discriminacion-y-violencia-el-impedimento-de-la-lactancia-en-espacios-publicos\/","title":{"rendered":"PLANTEAN REFORMAS PARA CONSIDERAR COMO DISCRIMINACI\u00d3N Y VIOLENCIA EL IMPEDIMENTO DE LA LACTANCIA EN ESPACIOS P\u00daBLICOS"},"content":{"rendered":"<p style=\"text-align: justify;\"><strong>Chilpancingo, Gro., 15 de marzo de 2023<\/strong>.- La diputada Jessica Ivette Alejo Rayo present\u00f3 iniciativas de reformas a la Ley para Prevenir, Combatir y Eliminar la Discriminaci\u00f3n y a la Ley de Acceso a las Mujeres a una Vida Libre de Violencia, ambas de Estado de Guerrero, para que se considere como discriminaci\u00f3n y violencia la prohibici\u00f3n, limitaci\u00f3n o restricci\u00f3n del acto de lactancia materna en espacios p\u00fablicos.<\/p>\n<p style=\"text-align: justify;\">En su exposici\u00f3n de motivos, la legisladora explica que esta iniciativa tiene por objeto socializar el ejercicio de la lactancia como una actividad natural de la maternidad, ante lo cual debe estar libre de estigmatismos morales.<\/p>\n<p style=\"text-align: justify;\">Y es que, abund\u00f3, las mujeres que realizan esta pr\u00e1ctica en espacios p\u00fablicos tienden a ser v\u00edctimas de comentarios desagradables, gritos, e inclusive ataques f\u00edsicos, entre otras reacciones que pueden calificarse como agresiones sexuales.<\/p>\n<p style=\"text-align: justify;\">Alejo Rayo reiter\u00f3 la importancia de legislar en el tema porque la lactancia materna es uno de los derechos que se deben garantizar a los infantes para mejorar su salud y prevenir infecciones gastrointestinales y respiratorias, obesidad, diabetes, leucemia, alergias, c\u00e1ncer infantil, hipertensi\u00f3n y colesterol alto, por mencionar algunas.<\/p>\n<p style=\"text-align: justify;\">Precis\u00f3 que es necesario modificar los ordenamientos antes mencionados para que en Guerrero la lactancia materna sea una actividad libre de realizarse en los espacios p\u00fablicos, como parte del ejercicio pleno de los derechos y libertades.<\/p>\n<p style=\"text-align: justify;\">Subray\u00f3, por \u00faltimo, que con estas iniciativas se pretende homologar el marco jur\u00eddico estatal frente a la nueva reforma a la Ley Federal para Prevenir y Eliminar la Discriminaci\u00f3n, misma que ya fue publicada en el Diario Oficial de la Federaci\u00f3n.<\/p>\n<p style=\"text-align: justify;\">Las propuestas de la legisladora fueron turnadas a las Comisiones Unidas de Justicia y Para la Igualdad de G\u00e9nero, para su an\u00e1lisis y dictaminaci\u00f3n correspondientes.<\/p>\n","protected":false},"excerpt":{"rendered":"<p>Chilpancingo, Gro., 15 de marzo de 2023.- La diputada Jessica Ivette Alejo Rayo present\u00f3 iniciativas de reformas a la Ley para Prevenir, Combatir y Eliminar la Discriminaci\u00f3n y a la Ley de Acceso a las Mujeres a una Vida Libre de Violencia, ambas de Estado de Guerrero, para que se considere como discriminaci\u00f3n y violencia&#8230;<\/p>\n","protected":false},"author":1,"featured_media":6519,"comment_status":"closed","ping_status":"open","sticky":false,"template":"","format":"standard","meta":{"_monsterinsights_skip_tracking":false,"_monsterinsights_sitenote_active":false,"_monsterinsights_sitenote_note":"","_monsterinsights_sitenote_category":0,"footnotes":""},"categories":[3,10],"tags":[],"class_list":["post-6518","post","type-post","status-publish","format-standard","has-post-thumbnail","hentry","category-boletin","category-jessica-ivette-alejo-rayo"],"aioseo_notices":[],"_links":{"self":[{"href":"https:\/\/congresogro.gob.mx\/63\/inicio\/wp-json\/wp\/v2\/posts\/6518","targetHints":{"allow":["GET"]}}],"collection":[{"href":"https:\/\/congresogro.gob.mx\/63\/inicio\/wp-json\/wp\/v2\/posts"}],"about":[{"href":"https:\/\/congresogro.gob.mx\/63\/inicio\/wp-json\/wp\/v2\/types\/post"}],"author":[{"embeddable":true,"href":"https:\/\/congresogro.gob.mx\/63\/inicio\/wp-json\/wp\/v2\/users\/1"}],"replies":[{"embeddable":true,"href":"https:\/\/congresogro.gob.mx\/63\/inicio\/wp-json\/wp\/v2\/comments?post=6518"}],"version-history":[{"count":1,"href":"https:\/\/congresogro.gob.mx\/63\/inicio\/wp-json\/wp\/v2\/posts\/6518\/revisions"}],"predecessor-version":[{"id":6520,"href":"https:\/\/congresogro.gob.mx\/63\/inicio\/wp-json\/wp\/v2\/posts\/6518\/revisions\/6520"}],"wp:featuredmedia":[{"embeddable":true,"href":"https:\/\/congresogro.gob.mx\/63\/inicio\/wp-json\/wp\/v2\/media\/6519"}],"wp:attachment":[{"href":"https:\/\/congresogro.gob.mx\/63\/inicio\/wp-json\/wp\/v2\/media?parent=6518"}],"wp:term":[{"taxonomy":"category","embeddable":true,"href":"https:\/\/congresogro.gob.mx\/63\/inicio\/wp-json\/wp\/v2\/categories?post=6518"},{"taxonomy":"post_tag","embeddable":true,"href":"https:\/\/congresogro.gob.mx\/63\/inicio\/wp-json\/wp\/v2\/tags?post=6518"}],"curies":[{"name":"wp","href":"https:\/\/api.w.org\/{rel}","templated":true}]}}