{"id":6515,"date":"2023-03-14T18:32:48","date_gmt":"2023-03-15T00:32:48","guid":{"rendered":"https:\/\/congresogro.gob.mx\/63\/inicio\/?p=6515"},"modified":"2023-03-14T18:32:48","modified_gmt":"2023-03-15T00:32:48","slug":"proponen-reforma-constitucional-para-dar-prision-preventiva-a-presuntos-extorsionadores","status":"publish","type":"post","link":"https:\/\/congresogro.gob.mx\/63\/inicio\/2023\/03\/14\/proponen-reforma-constitucional-para-dar-prision-preventiva-a-presuntos-extorsionadores\/","title":{"rendered":"PROPONEN REFORMA CONSTITUCIONAL PARA DAR PRISI\u00d3N PREVENTIVA A PRESUNTOS EXTORSIONADORES"},"content":{"rendered":"<p style=\"text-align: justify;\"><strong>Chilpancingo, Gro., 14 de marzo de 2023.- <\/strong>Con el prop\u00f3sito de integrar la extorsi\u00f3n en el cat\u00e1logo de delitos que cuentan con medida cautelar de prisi\u00f3n preventiva, para que quienes la cometan permanezcan privados de su libertad mientras transcurre su proceso penal, garantizando la seguridad de las v\u00edctimas, el diputado Joaqu\u00edn Badillo Escamilla present\u00f3 una iniciativa de reforma a la Constituci\u00f3n Pol\u00edtica de los Estados Unidos Mexicanos.<\/p>\n<p style=\"text-align: justify;\">En el documento, el diputado integrante del Grupo Parlamentario de Morena menciona que la violencia asociada a los grupos delincuenciales se ha incrementado en el pa\u00eds, particularmente en Guerrero, lo que ha tra\u00eddo reclamos de la sociedad civil, por carecer de acciones legales efectivas que prevengan estos actos y desarticulen a las organizaciones criminales.<\/p>\n<p style=\"text-align: justify;\">Agreg\u00f3 que la extorsi\u00f3n es una de las pr\u00e1cticas que mayormente afectan a los guerrerenses, mismo que se que se encuentra tipificado en el art\u00edculo 243 del C\u00f3digo Procesal Penal del Estado, a pesar de lo cual no cuenta con medidas cautelares como la prisi\u00f3n preventiva, y se ha convertido en un acto com\u00fan ejercido ya no solo por los grupos delincuenciales, sino por muchos ciudadanos que lo ven como una forma de obtener recursos econ\u00f3micos.<\/p>\n<p style=\"text-align: justify;\">\u201cLa extorsi\u00f3n es una forma efectiva de ejecutar acciones violentas, que pueden ser de manera directa o indirecta, con nuevas modalidades; sin embargo, las m\u00e1s recurrentes son por v\u00eda telef\u00f3nica, donde se amenaza a una persona con secuestrar a un ser querido si no paga determinada cantidad de dinero; por an\u00f3nimos y de tipo personal, donde miembros de las organizaciones delincuenciales acuden a exigir el denominado cobro de derecho de piso, o cobro de protecci\u00f3n\u201d, abund\u00f3.<\/p>\n<p style=\"text-align: justify;\">El legislador subray\u00f3 que dicho delito ha afectado completamente la actividad comercial, con mayor incidencia en los municipios de Acapulco, Chilpancingo, Zihuatanejo, Taxco, Tlapa, Iguala, Tierra Caliente y parte de la zona Norte, causando no solo da\u00f1o f\u00edsico, psicol\u00f3gico y patrimonial a las v\u00edctimas, sino a las familias que sufren un miedo profundo por su integridad y por la p\u00e9rdida de sus bienes o sus ahorros.<\/p>\n<p style=\"text-align: justify;\">Por todas estas razones, Badillo Escamilla considera la necesidad de dotar a las instituciones de las herramientas legales para la persecuci\u00f3n y sanci\u00f3n de la extorsi\u00f3n, integr\u00e1ndola en el cat\u00e1logo de los delitos que cuentan como medida cautelar la prisi\u00f3n preventiva.<\/p>\n<p style=\"text-align: justify;\">La propuesta de reforma fue turnada a la Comisi\u00f3n de Estudios Constitucionales y Jur\u00eddicos para su an\u00e1lisis y emisi\u00f3n del dictamen correspondiente.<\/p>\n<p style=\"text-align: justify;\"><strong>\u00a0<\/strong><\/p>\n<p style=\"text-align: justify;\"><strong>Intervenciones<\/strong><\/p>\n<p style=\"text-align: justify;\">La diputada Claudia Sierra P\u00e9rez particip\u00f3 en relaci\u00f3n con el D\u00eda de la Expropiaci\u00f3n Petrolera en M\u00e9xico (18 de marzo), remembrando que esta patri\u00f3tica acci\u00f3n fue llevada a cabo por el presidente L\u00e1zaro C\u00e1rdenas del R\u00edo, con el objetivo primordial de defender la riqueza de la Naci\u00f3n que el gobierno de Porfirio D\u00edaz hab\u00eda entregado a compa\u00f1\u00edas transnacionales extranjeras, principalmente inglesas y norteamericanas, mismas que manten\u00edan a sus trabajadores sometidos a injustas condiciones laborales y salarios miserables.<\/p>\n<p style=\"text-align: justify;\">La legisladora de Morena consider\u00f3 que, ante las actitudes injerencistas de empresas extranjeras, el Congreso de Guerrero debe hacer patente su m\u00e1s amplio respaldo al presidente de la Rep\u00fablica, en una actitud patri\u00f3tica y a la altura de las circunstancias, dispuestos a cooperar como sea necesario para hacer preservar nuestro petr\u00f3leo como elemento esencial del desarrollo, ya que \u201clo que se encuentra en juego es nuestra dignidad nacional\u201d.<\/p>\n<p style=\"text-align: justify;\">Con el tema de la Expropiaci\u00f3n Petrolera intervino tambi\u00e9n el diputado Jacinto Gonz\u00e1lez Varona (Morena), manifestando que la llegada de la Cuarta Transformaci\u00f3n en M\u00e9xico ha permitido la recuperaci\u00f3n paulatina de la soberan\u00eda energ\u00e9tica, con varios proyectos en la materia que se est\u00e1n desarrollando, de entre los cuales resalt\u00f3 la creaci\u00f3n de la paraestatal Litio para M\u00e9xico (LitioMx).<\/p>\n<p style=\"text-align: justify;\">Es en este contexto, recalc\u00f3 Gonz\u00e1lez Varona, que \u201cvamos a festejar el pr\u00f3ximo 18 de marzo\u201d.<\/p>\n","protected":false},"excerpt":{"rendered":"<p>Chilpancingo, Gro., 14 de marzo de 2023.- Con el prop\u00f3sito de integrar la extorsi\u00f3n en el cat\u00e1logo de delitos que cuentan con medida cautelar de prisi\u00f3n preventiva, para que quienes la cometan permanezcan privados de su libertad mientras transcurre su proceso penal, garantizando la seguridad de las v\u00edctimas, el diputado Joaqu\u00edn Badillo Escamilla present\u00f3 una&#8230;<\/p>\n","protected":false},"author":1,"featured_media":6516,"comment_status":"closed","ping_status":"open","sticky":false,"template":"","format":"standard","meta":{"_monsterinsights_skip_tracking":false,"_monsterinsights_sitenote_active":false,"_monsterinsights_sitenote_note":"","_monsterinsights_sitenote_category":0,"footnotes":""},"categories":[3,27],"tags":[],"class_list":["post-6515","post","type-post","status-publish","format-standard","has-post-thumbnail","hentry","category-boletin","category-joaquin-badillo-escamilla"],"aioseo_notices":[],"_links":{"self":[{"href":"https:\/\/congresogro.gob.mx\/63\/inicio\/wp-json\/wp\/v2\/posts\/6515","targetHints":{"allow":["GET"]}}],"collection":[{"href":"https:\/\/congresogro.gob.mx\/63\/inicio\/wp-json\/wp\/v2\/posts"}],"about":[{"href":"https:\/\/congresogro.gob.mx\/63\/inicio\/wp-json\/wp\/v2\/types\/post"}],"author":[{"embeddable":true,"href":"https:\/\/congresogro.gob.mx\/63\/inicio\/wp-json\/wp\/v2\/users\/1"}],"replies":[{"embeddable":true,"href":"https:\/\/congresogro.gob.mx\/63\/inicio\/wp-json\/wp\/v2\/comments?post=6515"}],"version-history":[{"count":1,"href":"https:\/\/congresogro.gob.mx\/63\/inicio\/wp-json\/wp\/v2\/posts\/6515\/revisions"}],"predecessor-version":[{"id":6517,"href":"https:\/\/congresogro.gob.mx\/63\/inicio\/wp-json\/wp\/v2\/posts\/6515\/revisions\/6517"}],"wp:featuredmedia":[{"embeddable":true,"href":"https:\/\/congresogro.gob.mx\/63\/inicio\/wp-json\/wp\/v2\/media\/6516"}],"wp:attachment":[{"href":"https:\/\/congresogro.gob.mx\/63\/inicio\/wp-json\/wp\/v2\/media?parent=6515"}],"wp:term":[{"taxonomy":"category","embeddable":true,"href":"https:\/\/congresogro.gob.mx\/63\/inicio\/wp-json\/wp\/v2\/categories?post=6515"},{"taxonomy":"post_tag","embeddable":true,"href":"https:\/\/congresogro.gob.mx\/63\/inicio\/wp-json\/wp\/v2\/tags?post=6515"}],"curies":[{"name":"wp","href":"https:\/\/api.w.org\/{rel}","templated":true}]}}