{"id":6488,"date":"2023-03-10T17:20:52","date_gmt":"2023-03-10T23:20:52","guid":{"rendered":"https:\/\/congresogro.gob.mx\/63\/inicio\/?p=6488"},"modified":"2023-03-10T17:20:52","modified_gmt":"2023-03-10T23:20:52","slug":"proponen-el-nombre-de-erika-valencia-cardona-para-una-sala-del-congreso-del-estado","status":"publish","type":"post","link":"https:\/\/congresogro.gob.mx\/63\/inicio\/2023\/03\/10\/proponen-el-nombre-de-erika-valencia-cardona-para-una-sala-del-congreso-del-estado\/","title":{"rendered":"PROPONEN EL NOMBRE DE ERIKA VALENCIA CARDONA  PARA UNA SALA DEL CONGRESO DEL ESTADO"},"content":{"rendered":"<p style=\"text-align: justify;\"><strong>Chilpancingo, Gro., 10 de marzo de 2023<\/strong>.- A la Junta de Coordinaci\u00f3n Pol\u00edtica del Congreso del Estado se turn\u00f3 un punto de acuerdo para asignar el nombre de Erika Valencia Cardona a la sala ubicada atr\u00e1s del escudo del Sal\u00f3n de Plenos del Congreso del Estado, en memoria de la fallecida exdiputada.<\/p>\n<p style=\"text-align: justify;\">En la sesi\u00f3n de este martes, la diputada\u00a0<a href=\"https:\/\/www.facebook.com\/MariaFloresDtto27?__tn__=-%5dK*F\">Mar\u00eda Flores Maldonado<\/a>\u00a0(Morena) present\u00f3 dicho acuerdo refiriendo que, para identificar los salones o salas de reuniones, el Congreso ha designado un nombre a cada espacio, ya sea en conmemoraci\u00f3n, en memoria o reconocimiento por el trabajo sobresaliente en la apertura democr\u00e1tica y la contribuci\u00f3n al mejoramiento del estado.<\/p>\n<p style=\"text-align: justify;\">Precis\u00f3 que la mayor\u00eda de las salas de reuniones tienen un nombre oficial, a excepci\u00f3n de la sala del escudo, por lo que es necesario asignarle uno, y en caso de ser el nombre de la extinta diputada, se estar\u00eda cumpliendo con el principio de la paridad, dado que todos los espacios de este Congreso llevan nombres de hombres.<\/p>\n<p style=\"text-align: justify;\">La diputada Mar\u00eda Flores hizo referencia de que Erika Valencia Cardona, fallecida el 11 de diciembre de 2022 a causa del c\u00e1ncer, fue integrante de la LXII Legislatura, de la cual presidi\u00f3 la Comisi\u00f3n para la Igualdad de G\u00e9nero.<\/p>\n<p style=\"text-align: justify;\">Agreg\u00f3 que, en su paso por el Congreso, Valencia Cardona present\u00f3 m\u00e1s de 50 propuestas de reforma, destacando las del C\u00f3digo Penal del estado para tipificar el ciberacoso y para castigar hasta con 9 a\u00f1os de c\u00e1rcel a quien provoque lesiones o mutilaciones a una mujer en raz\u00f3n de g\u00e9nero; a la Ley del Trabajo de los Servidores P\u00fablicos del Estado para otorgar 10 d\u00edas de licencia con goce de sueldo a los hombres cuya pareja tenga un parto; a la Ley de Procedimientos Electorales para dar mayor participaci\u00f3n a las mujeres y sancionar a quien incurra en violencia pol\u00edtica en raz\u00f3n de g\u00e9nero; entre otras.<\/p>\n<p style=\"text-align: justify;\">La propuesta fue turnada a la Junta de Coordinaci\u00f3n Pol\u00edtica para su an\u00e1lisis y emisi\u00f3n del correspondiente dictamen.<\/p>\n","protected":false},"excerpt":{"rendered":"<p>Chilpancingo, Gro., 10 de marzo de 2023.- A la Junta de Coordinaci\u00f3n Pol\u00edtica del Congreso del Estado se turn\u00f3 un punto de acuerdo para asignar el nombre de Erika Valencia Cardona a la sala ubicada atr\u00e1s del escudo del Sal\u00f3n de Plenos del Congreso del Estado, en memoria de la fallecida exdiputada. En la sesi\u00f3n&#8230;<\/p>\n","protected":false},"author":1,"featured_media":6489,"comment_status":"closed","ping_status":"open","sticky":false,"template":"","format":"standard","meta":{"_monsterinsights_skip_tracking":false,"_monsterinsights_sitenote_active":false,"_monsterinsights_sitenote_note":"","_monsterinsights_sitenote_category":0,"footnotes":""},"categories":[3,28],"tags":[],"class_list":["post-6488","post","type-post","status-publish","format-standard","has-post-thumbnail","hentry","category-boletin","category-maria-flores-maldonado"],"aioseo_notices":[],"_links":{"self":[{"href":"https:\/\/congresogro.gob.mx\/63\/inicio\/wp-json\/wp\/v2\/posts\/6488","targetHints":{"allow":["GET"]}}],"collection":[{"href":"https:\/\/congresogro.gob.mx\/63\/inicio\/wp-json\/wp\/v2\/posts"}],"about":[{"href":"https:\/\/congresogro.gob.mx\/63\/inicio\/wp-json\/wp\/v2\/types\/post"}],"author":[{"embeddable":true,"href":"https:\/\/congresogro.gob.mx\/63\/inicio\/wp-json\/wp\/v2\/users\/1"}],"replies":[{"embeddable":true,"href":"https:\/\/congresogro.gob.mx\/63\/inicio\/wp-json\/wp\/v2\/comments?post=6488"}],"version-history":[{"count":1,"href":"https:\/\/congresogro.gob.mx\/63\/inicio\/wp-json\/wp\/v2\/posts\/6488\/revisions"}],"predecessor-version":[{"id":6490,"href":"https:\/\/congresogro.gob.mx\/63\/inicio\/wp-json\/wp\/v2\/posts\/6488\/revisions\/6490"}],"wp:featuredmedia":[{"embeddable":true,"href":"https:\/\/congresogro.gob.mx\/63\/inicio\/wp-json\/wp\/v2\/media\/6489"}],"wp:attachment":[{"href":"https:\/\/congresogro.gob.mx\/63\/inicio\/wp-json\/wp\/v2\/media?parent=6488"}],"wp:term":[{"taxonomy":"category","embeddable":true,"href":"https:\/\/congresogro.gob.mx\/63\/inicio\/wp-json\/wp\/v2\/categories?post=6488"},{"taxonomy":"post_tag","embeddable":true,"href":"https:\/\/congresogro.gob.mx\/63\/inicio\/wp-json\/wp\/v2\/tags?post=6488"}],"curies":[{"name":"wp","href":"https:\/\/api.w.org\/{rel}","templated":true}]}}