{"id":6479,"date":"2023-03-09T09:34:31","date_gmt":"2023-03-09T15:34:31","guid":{"rendered":"https:\/\/congresogro.gob.mx\/63\/inicio\/?p=6479"},"modified":"2023-03-10T09:35:45","modified_gmt":"2023-03-10T15:35:45","slug":"dan-nueva-capacitacion-en-materia-de-proteccion-civil-a-trabajadores-del-congreso","status":"publish","type":"post","link":"https:\/\/congresogro.gob.mx\/63\/inicio\/2023\/03\/09\/dan-nueva-capacitacion-en-materia-de-proteccion-civil-a-trabajadores-del-congreso\/","title":{"rendered":"DAN NUEVA CAPACITACI\u00d3N EN MATERIA DE  PROTECCI\u00d3N CIVIL A TRABAJADORES DEL CONGRESO"},"content":{"rendered":"<p style=\"text-align: justify;\"><strong>Chilpancingo, Gro., 09 de marzo de 2023<\/strong>.- El Congreso del Estado llev\u00f3 a cabo la capacitaci\u00f3n denominada \u201cPrograma Interno de Protecci\u00f3n Civil\u201d, dirigida a trabajadoras y trabajadores del Poder Legislativo en torno a detecci\u00f3n de riesgos e implementaci\u00f3n de acciones en casos de emergencia por fen\u00f3menos naturales o incidentes.<\/p>\n<p style=\"text-align: justify;\">El evento enmarcado en el D\u00eda Internacional de la Protecci\u00f3n Civil (01 de marzo) fue encabezado por la presidenta de la Comisi\u00f3n de Protecci\u00f3n Civil del Congreso, diputada Patricia Doroteo Calder\u00f3n, acompa\u00f1ada de las diputadas Mar\u00eda Flores Maldonado e Hilda Jennifer Ponce Mendoza, vocales de la misma, quienes coincidieron en la importancia de la implementaci\u00f3n de un plan familiar y la necesidad de mantener informado con este tipo de capacitaciones, para saber qu\u00e9 hacer en caso de emergencia tanto en el trabajo como en el hogar, e involucrarse m\u00e1s en estos temas.<\/p>\n<p style=\"text-align: justify;\">En su intervenci\u00f3n, la diputada Doroteo Calder\u00f3n inform\u00f3 que han estado trabajando en la actualizaci\u00f3n y armonizaci\u00f3n de la Ley de Protecci\u00f3n Civil, junto con el equipo de la dependencia estatal del ramo, el \u00e1rea jur\u00eddica y el equipo t\u00e9cnico de la comisi\u00f3n, debido a que este ordenamiento tiene 11 a\u00f1os sin haberse reformado, lo que la vuelve una ley obsoleta.<\/p>\n<p style=\"text-align: justify;\">La legisladora hizo un llamado a quienes laboran en el Congreso para que tomen conciencia de los riesgos que existen dentro y fuera del inmueble, y replicar lo aprendido en las capacitaciones con sus compa\u00f1eros de trabajo y con sus familias, que les permita contrarrestar los efectos de los fen\u00f3menos naturales y otras situaciones de emergencia.<\/p>\n<p style=\"text-align: justify;\">La capacitaci\u00f3n denominada \u00abPrograma Interno de Protecci\u00f3n Civil\u00bb fue impartida por el maestro Apolonio Bahena Salgado, coordinador general de la Unidad de Protecci\u00f3n Civil de la Universidad Aut\u00f3noma de Guerrero (UAGro), cuyos temas versaron en detecci\u00f3n de riesgos y acciones que se deben emprender en caso de emergencia, mitigaci\u00f3n de riesgos y preservaci\u00f3n de la integridad del personal que labora en el Poder Legislativo, mediante la elaboraci\u00f3n de planes de contingencia.<\/p>\n<p style=\"text-align: justify;\">Estuvieron presentes el titular de la Secretar\u00eda de Gesti\u00f3n Integral de Riesgos y Protecci\u00f3n Civil estatal, Roberto Arroyo Matus; el director del Instituto de Estudios Parlamentarios Eduardo Neri, Eusebio P\u00e9rez Almontes; el coordinador de la Unidad de Protecci\u00f3n Civil del Congreso, Jonathan Molina Clavel, y el secretario general del Sindicato Sentimientos de la Naci\u00f3n, Fernando Mart\u00ednez Rom\u00e1n.<\/p>\n","protected":false},"excerpt":{"rendered":"<p>Chilpancingo, Gro., 09 de marzo de 2023.- El Congreso del Estado llev\u00f3 a cabo la capacitaci\u00f3n denominada \u201cPrograma Interno de Protecci\u00f3n Civil\u201d, dirigida a trabajadoras y trabajadores del Poder Legislativo en torno a detecci\u00f3n de riesgos e implementaci\u00f3n de acciones en casos de emergencia por fen\u00f3menos naturales o incidentes. El evento enmarcado en el D\u00eda&#8230;<\/p>\n","protected":false},"author":1,"featured_media":6480,"comment_status":"closed","ping_status":"open","sticky":false,"template":"","format":"standard","meta":{"_monsterinsights_skip_tracking":false,"_monsterinsights_sitenote_active":false,"_monsterinsights_sitenote_note":"","_monsterinsights_sitenote_category":0,"footnotes":""},"categories":[3,43],"tags":[],"class_list":["post-6479","post","type-post","status-publish","format-standard","has-post-thumbnail","hentry","category-boletin","category-patricia-doroteo-calderon"],"aioseo_notices":[],"_links":{"self":[{"href":"https:\/\/congresogro.gob.mx\/63\/inicio\/wp-json\/wp\/v2\/posts\/6479","targetHints":{"allow":["GET"]}}],"collection":[{"href":"https:\/\/congresogro.gob.mx\/63\/inicio\/wp-json\/wp\/v2\/posts"}],"about":[{"href":"https:\/\/congresogro.gob.mx\/63\/inicio\/wp-json\/wp\/v2\/types\/post"}],"author":[{"embeddable":true,"href":"https:\/\/congresogro.gob.mx\/63\/inicio\/wp-json\/wp\/v2\/users\/1"}],"replies":[{"embeddable":true,"href":"https:\/\/congresogro.gob.mx\/63\/inicio\/wp-json\/wp\/v2\/comments?post=6479"}],"version-history":[{"count":1,"href":"https:\/\/congresogro.gob.mx\/63\/inicio\/wp-json\/wp\/v2\/posts\/6479\/revisions"}],"predecessor-version":[{"id":6481,"href":"https:\/\/congresogro.gob.mx\/63\/inicio\/wp-json\/wp\/v2\/posts\/6479\/revisions\/6481"}],"wp:featuredmedia":[{"embeddable":true,"href":"https:\/\/congresogro.gob.mx\/63\/inicio\/wp-json\/wp\/v2\/media\/6480"}],"wp:attachment":[{"href":"https:\/\/congresogro.gob.mx\/63\/inicio\/wp-json\/wp\/v2\/media?parent=6479"}],"wp:term":[{"taxonomy":"category","embeddable":true,"href":"https:\/\/congresogro.gob.mx\/63\/inicio\/wp-json\/wp\/v2\/categories?post=6479"},{"taxonomy":"post_tag","embeddable":true,"href":"https:\/\/congresogro.gob.mx\/63\/inicio\/wp-json\/wp\/v2\/tags?post=6479"}],"curies":[{"name":"wp","href":"https:\/\/api.w.org\/{rel}","templated":true}]}}