{"id":6475,"date":"2023-03-09T18:38:09","date_gmt":"2023-03-10T00:38:09","guid":{"rendered":"https:\/\/congresogro.gob.mx\/63\/inicio\/?p=6475"},"modified":"2023-03-09T18:38:26","modified_gmt":"2023-03-10T00:38:26","slug":"proponen-incorporar-las-preparatorias-populares-al-sistema-estatal-educativo","status":"publish","type":"post","link":"https:\/\/congresogro.gob.mx\/63\/inicio\/2023\/03\/09\/proponen-incorporar-las-preparatorias-populares-al-sistema-estatal-educativo\/","title":{"rendered":"PROPONEN INCORPORAR LAS PREPARATORIAS  POPULARES AL SISTEMA ESTATAL EDUCATIVO"},"content":{"rendered":"<p style=\"text-align: justify;\"><strong>Chilpancingo, Gro., 09 de marzo de 2023.- <\/strong>Con el prop\u00f3sito de incorporar al Subsistema Estatal de Educaci\u00f3n Media Superior del estado a las Preparatorias Populares, el diputado Antonio Helguera Jim\u00e9nez propuso adicionar la Ley de Educaci\u00f3n del Estado de Guerrero.<\/p>\n<p style=\"text-align: justify;\">El legislador de Morena refiri\u00f3 que estas preparatorias imparten educaci\u00f3n desde hace m\u00e1s de 35 a\u00f1os y han logrado formar a varias generaciones, mismas que actualmente cuentan con una matr\u00edcula de m\u00e1s 14 mil estudiantes en 103 escuelas ubicadas a lo largo y ancho de la entidad, principalmente en zonas semiurbanas y rurales.<\/p>\n<p style=\"text-align: justify;\">Refiri\u00f3, asimismo, que las escuelas subsisten y solventan las necesidades requeridas para la educaci\u00f3n de los estudiantes con la aportaci\u00f3n econ\u00f3mica de padres de familia, ya que los recursos p\u00fablicos son m\u00ednimos, mismos que el Congreso ha asignado.<\/p>\n<p style=\"text-align: justify;\">Helguera Jim\u00e9nez manifest\u00f3, adem\u00e1s, que las maestras y maestros que ah\u00ed laboran perciben un salario que proviene en su mayor\u00eda de las cooperaciones, entre 40 a 80 pesos por hora, y no cuentan con prestaciones laborales ni acceso a la seguridad social.<\/p>\n<blockquote>\n<p style=\"text-align: justify;\"><cite>\u201cSin duda que esto es una injusticia tanto para el alumnado como para los docentes, pero tambi\u00e9n para la sociedad de Guerrero, que todos aspiramos sea una sociedad del conocimiento, gracias a una educaci\u00f3n de calidad\u201d, expres\u00f3.<\/cite><\/p>\n<\/blockquote>\n<p style=\"text-align: justify;\">El legislador plantea regularizar y dar certeza jur\u00eddica al sistema de educaci\u00f3n de bachillerato ejercido y realizado por medio de las denominadas Preparatorias Populares, con el inter\u00e9s de hacer justicia educativa y llevar educaci\u00f3n a donde el gobierno y las instituciones educativas legalmente constituidas no pueden, por diferentes razones.<\/p>\n<p style=\"text-align: justify;\"><strong>Informe <\/strong><\/p>\n<p style=\"text-align: justify;\">La presidenta de la Mesa Directiva, diputada Yanelly Hern\u00e1ndez Mart\u00ednez, rindi\u00f3 un informe de los trabajos legislativos del Primer Periodo de Receso, correspondiente al Segundo A\u00f1o de Ejercicio Constitucional de la LXIII Legislatura.<\/p>\n","protected":false},"excerpt":{"rendered":"<p>Chilpancingo, Gro., 09 de marzo de 2023.- Con el prop\u00f3sito de incorporar al Subsistema Estatal de Educaci\u00f3n Media Superior del estado a las Preparatorias Populares, el diputado Antonio Helguera Jim\u00e9nez propuso adicionar la Ley de Educaci\u00f3n del Estado de Guerrero. El legislador de Morena refiri\u00f3 que estas preparatorias imparten educaci\u00f3n desde hace m\u00e1s de 35&#8230;<\/p>\n","protected":false},"author":1,"featured_media":6476,"comment_status":"closed","ping_status":"open","sticky":false,"template":"","format":"standard","meta":{"_monsterinsights_skip_tracking":false,"_monsterinsights_sitenote_active":false,"_monsterinsights_sitenote_note":"","_monsterinsights_sitenote_category":0,"footnotes":""},"categories":[17,3],"tags":[],"class_list":["post-6475","post","type-post","status-publish","format-standard","has-post-thumbnail","hentry","category-antonio-helguera-jimenez","category-boletin"],"aioseo_notices":[],"_links":{"self":[{"href":"https:\/\/congresogro.gob.mx\/63\/inicio\/wp-json\/wp\/v2\/posts\/6475","targetHints":{"allow":["GET"]}}],"collection":[{"href":"https:\/\/congresogro.gob.mx\/63\/inicio\/wp-json\/wp\/v2\/posts"}],"about":[{"href":"https:\/\/congresogro.gob.mx\/63\/inicio\/wp-json\/wp\/v2\/types\/post"}],"author":[{"embeddable":true,"href":"https:\/\/congresogro.gob.mx\/63\/inicio\/wp-json\/wp\/v2\/users\/1"}],"replies":[{"embeddable":true,"href":"https:\/\/congresogro.gob.mx\/63\/inicio\/wp-json\/wp\/v2\/comments?post=6475"}],"version-history":[{"count":2,"href":"https:\/\/congresogro.gob.mx\/63\/inicio\/wp-json\/wp\/v2\/posts\/6475\/revisions"}],"predecessor-version":[{"id":6478,"href":"https:\/\/congresogro.gob.mx\/63\/inicio\/wp-json\/wp\/v2\/posts\/6475\/revisions\/6478"}],"wp:featuredmedia":[{"embeddable":true,"href":"https:\/\/congresogro.gob.mx\/63\/inicio\/wp-json\/wp\/v2\/media\/6476"}],"wp:attachment":[{"href":"https:\/\/congresogro.gob.mx\/63\/inicio\/wp-json\/wp\/v2\/media?parent=6475"}],"wp:term":[{"taxonomy":"category","embeddable":true,"href":"https:\/\/congresogro.gob.mx\/63\/inicio\/wp-json\/wp\/v2\/categories?post=6475"},{"taxonomy":"post_tag","embeddable":true,"href":"https:\/\/congresogro.gob.mx\/63\/inicio\/wp-json\/wp\/v2\/tags?post=6475"}],"curies":[{"name":"wp","href":"https:\/\/api.w.org\/{rel}","templated":true}]}}