{"id":6472,"date":"2023-03-09T18:37:08","date_gmt":"2023-03-10T00:37:08","guid":{"rendered":"https:\/\/congresogro.gob.mx\/63\/inicio\/?p=6472"},"modified":"2023-03-09T18:37:08","modified_gmt":"2023-03-10T00:37:08","slug":"exhorta-congreso-a-instancias-publicas-para-la-instalacion-de-salas-de-lactancia","status":"publish","type":"post","link":"https:\/\/congresogro.gob.mx\/63\/inicio\/2023\/03\/09\/exhorta-congreso-a-instancias-publicas-para-la-instalacion-de-salas-de-lactancia\/","title":{"rendered":"EXHORTA CONGRESO A INSTANCIAS P\u00daBLICAS  PARA LA INSTALACI\u00d3N DE SALAS DE LACTANCIA"},"content":{"rendered":"<p style=\"text-align: justify;\"><strong>Chilpancingo, Gro., 09 de marzo de 2023.-<\/strong> El Congreso del Estado exhort\u00f3 a los titulares de dependencias y entes p\u00fablicos de Guerrero para que implementen acciones necesarias para la instalaci\u00f3n de salas de lactancia materna, as\u00ed como difundir entre su personal los beneficios de esta pr\u00e1ctica.<\/p>\n<p style=\"text-align: justify;\">Al presentar su propuesta, la diputada Leticia Mosso Hern\u00e1ndez expuso que la incorporaci\u00f3n de la mujer es cada vez mayor en el \u00e1mbito laboral, pol\u00edtico y social, trayendo como consecuencia grandes cambios en las pol\u00edticas p\u00fablicas, as\u00ed como en la organizaci\u00f3n de las familias.<\/p>\n<p style=\"text-align: justify;\">Adem\u00e1s, se\u00f1al\u00f3 que existen factores como la maternidad que condicionan el ingreso y la permanencia en un empleo, ante lo cual, una aspiraci\u00f3n central de las dependencias y organismos gubernamentales deber\u00eda ser que las trabajadoras logren conciliar el tiempo laboral con el familiar, lo que significar\u00eda, entre otras cosas, el pleno respeto y protecci\u00f3n a sus derechos laborales durante las etapas de gestaci\u00f3n, embarazo y lactancia.<\/p>\n<p style=\"text-align: justify;\">\u201cReconocer los desaf\u00edos que plantea la maternidad para las mujeres trabajadoras y los beneficios de la lactancia materna deber\u00eda ser parte de cualquier pol\u00edtica laboral con enfoque de g\u00e9nero. Si queremos promover la igualdad de condiciones laborales y, simult\u00e1neamente, impulsar el mejor desarrollo de nuestras generaciones futuras, es imperante que promovamos pol\u00edticas que apoyen la lactancia en los centros de trabajo\u201d, destac\u00f3.<\/p>\n<p style=\"text-align: justify;\">La diputada por el Partido del Trabajo refiri\u00f3 que las madres que trabajan fuera de su hogar deben regresar a sus puestos de trabajo cuando sus beb\u00e9s cumplen los tres meses de vida, siendo esto una de las principales causas por las que se suspende la lactancia.<\/p>\n<p style=\"text-align: justify;\">En relaci\u00f3n al tema, la legisladora indic\u00f3 que de acuerdo con datos de la Organizaci\u00f3n Mundial de la Salud, la leche materna reduce la incidencia de enfermedades infecciosas y los \u00edndices de mortalidad; previene alergias, protege contra la gastroenteritis, el asma, el c\u00e1ncer, diabetes y particularmente la leucemia, adem\u00e1s de que crea un v\u00ednculo especial entre la madre y su hijo.<\/p>\n<p style=\"text-align: justify;\">Por todo lo anterior, Mosso Hern\u00e1ndez considera que una de las acciones fundamentales para la protecci\u00f3n de la infancia es el establecimiento de salas de lactancia en los centros de trabajo, que permitan a las trabajadoras realizar esta pr\u00e1ctica de una manera adecuada, satisfactoria y en armon\u00eda con sus actividades productivas.<\/p>\n<p style=\"text-align: justify;\">\n<p style=\"text-align: justify;\"><strong>Iniciativas<\/strong><\/p>\n<p style=\"text-align: justify;\">La diputada Susana <a href=\"https:\/\/www.facebook.com\/profile.php?id=100075416697944&amp;__cft__%5b0%5d=AZXA92iEo22cgMWOktpQnb4vsOj_7iU0cbQNG3vqBzqtm_uTjWvMxlxB0p4vg6RK7jzVpIiroM4Ywnx-fXDfin8_aF7wgcO6lBOW7tzT6z5awnWchwmu8EhGDrJm9lQe2gk-Wgqca9vXwz5fuXBTh-p-KxeQvzjZLicEqvJKY-Bo1z8KzZLp03IFSH0ltj6ltwY&amp;__tn__=-%5dK-R\">Paola Ju\u00e1rez G\u00f3mez<\/a>, a nombre del Grupo Parlamentario del PRD, present\u00f3 una iniciativa de reforma a la Ley Org\u00e1nica del Municipio Libre del Estado de Guerrero para que los integrantes de los ayuntamientos -presidentes, s\u00edndicos y regidores- rindan protesta constitucional al cargo el d\u00eda 1\u00b0 de enero del a\u00f1o inmediato posterior al de la elecci\u00f3n, cesando de responsabilidad al ayuntamiento saliente el 31 de diciembre.<\/p>\n<p style=\"text-align: justify;\">Por su parte, el diputado Carlos Cruz L\u00f3pez (Morena) present\u00f3 una iniciativa de reforma a la Ley Org\u00e1nica del Poder Legislativo del estado para que se extienda por un mes m\u00e1s el Segundo Periodo Ordinario de Sesiones, que inicia el 01 de marzo y culminar\u00eda el 15 de julio de cada a\u00f1o; esto con el objetivo de poder desahogar m\u00e1s asuntos legislativos.<\/p>\n","protected":false},"excerpt":{"rendered":"<p>Chilpancingo, Gro., 09 de marzo de 2023.- El Congreso del Estado exhort\u00f3 a los titulares de dependencias y entes p\u00fablicos de Guerrero para que implementen acciones necesarias para la instalaci\u00f3n de salas de lactancia materna, as\u00ed como difundir entre su personal los beneficios de esta pr\u00e1ctica. Al presentar su propuesta, la diputada Leticia Mosso Hern\u00e1ndez&#8230;<\/p>\n","protected":false},"author":1,"featured_media":6473,"comment_status":"closed","ping_status":"open","sticky":false,"template":"","format":"standard","meta":{"_monsterinsights_skip_tracking":false,"_monsterinsights_sitenote_active":false,"_monsterinsights_sitenote_note":"","_monsterinsights_sitenote_category":0,"footnotes":""},"categories":[3,30],"tags":[],"class_list":["post-6472","post","type-post","status-publish","format-standard","has-post-thumbnail","hentry","category-boletin","category-leticia-mosso-hernandez"],"aioseo_notices":[],"_links":{"self":[{"href":"https:\/\/congresogro.gob.mx\/63\/inicio\/wp-json\/wp\/v2\/posts\/6472","targetHints":{"allow":["GET"]}}],"collection":[{"href":"https:\/\/congresogro.gob.mx\/63\/inicio\/wp-json\/wp\/v2\/posts"}],"about":[{"href":"https:\/\/congresogro.gob.mx\/63\/inicio\/wp-json\/wp\/v2\/types\/post"}],"author":[{"embeddable":true,"href":"https:\/\/congresogro.gob.mx\/63\/inicio\/wp-json\/wp\/v2\/users\/1"}],"replies":[{"embeddable":true,"href":"https:\/\/congresogro.gob.mx\/63\/inicio\/wp-json\/wp\/v2\/comments?post=6472"}],"version-history":[{"count":1,"href":"https:\/\/congresogro.gob.mx\/63\/inicio\/wp-json\/wp\/v2\/posts\/6472\/revisions"}],"predecessor-version":[{"id":6474,"href":"https:\/\/congresogro.gob.mx\/63\/inicio\/wp-json\/wp\/v2\/posts\/6472\/revisions\/6474"}],"wp:featuredmedia":[{"embeddable":true,"href":"https:\/\/congresogro.gob.mx\/63\/inicio\/wp-json\/wp\/v2\/media\/6473"}],"wp:attachment":[{"href":"https:\/\/congresogro.gob.mx\/63\/inicio\/wp-json\/wp\/v2\/media?parent=6472"}],"wp:term":[{"taxonomy":"category","embeddable":true,"href":"https:\/\/congresogro.gob.mx\/63\/inicio\/wp-json\/wp\/v2\/categories?post=6472"},{"taxonomy":"post_tag","embeddable":true,"href":"https:\/\/congresogro.gob.mx\/63\/inicio\/wp-json\/wp\/v2\/tags?post=6472"}],"curies":[{"name":"wp","href":"https:\/\/api.w.org\/{rel}","templated":true}]}}