{"id":6457,"date":"2023-03-08T15:07:56","date_gmt":"2023-03-08T21:07:56","guid":{"rendered":"https:\/\/congresogro.gob.mx\/63\/inicio\/?p=6457"},"modified":"2023-03-08T15:10:17","modified_gmt":"2023-03-08T21:10:17","slug":"adelantan-elaboracion-de-un-diagnostico-sobre-los-indices-de-violencia-contra-las-mujeres-en-el-congreso","status":"publish","type":"post","link":"https:\/\/congresogro.gob.mx\/63\/inicio\/2023\/03\/08\/adelantan-elaboracion-de-un-diagnostico-sobre-los-indices-de-violencia-contra-las-mujeres-en-el-congreso\/","title":{"rendered":"ADELANTAN ELABORACI\u00d3N DE UN DIAGN\u00d3STICO SOBRE LOS \u00cdNDICES DE VIOLENCIA CONTRA LAS MUJERES EN EL CONGRESO"},"content":{"rendered":"<p style=\"text-align: justify;\"><strong>Chilpancingo, Gro., 08 de marzo de 2023<\/strong>.- Tras ofrecer a las trabajadoras del Congreso del Estado todo el respaldo de las diputadas y diputados aliados de la causa feminista, la presidenta de la Junta de Coordinaci\u00f3n Pol\u00edtica, Yoloczin Dom\u00ednguez Serna, adelant\u00f3 la realizaci\u00f3n de un diagn\u00f3stico para conocer el estatus de violencia contra las mujeres en esta instituci\u00f3n.<\/p>\n<p style=\"text-align: justify;\">Lo anterior durante un desayuno-convivio realizado en honor de las trabajadoras con motivo de la conmemoraci\u00f3n del D\u00eda Internacional de la Mujer, evento al que tambi\u00e9n asistieron las diputadas Marben de la Cruz Santiago, Mar\u00eda Flores Maldonado, Susana Paola Ju\u00e1rez G\u00f3mez y Elzy Camacho Pineda, adem\u00e1s del diputado Carlos Cruz L\u00f3pez, quienes se pronunciaron de la misma forma para que, desde el Congreso, se redoblen los esfuerzos en pro del m\u00e1s amplio reconocimiento de sus derechos y para que se erradique todo tipo de violencia hacia este sector.<\/p>\n<p style=\"text-align: justify;\">En su mensaje, Dom\u00ednguez Serna fue enf\u00e1tica: \u201cYa basta de guardar silencio; no est\u00e1n solas, amigas colaboradoras; cuentan con todo el apoyo de cada una de las diputadas, de la presidenta de la Junta de Coordinaci\u00f3n Pol\u00edtica y de los diputados aliados, ante cualquier caso de opresi\u00f3n\u201d.<\/p>\n<p style=\"text-align: justify;\">Abund\u00f3 que es un timbre de orgullo contar con m\u00e1s del 60 por ciento de mujeres en la plantilla laboral del Congreso, aunado a la conformaci\u00f3n paritaria de la legislatura, cuyas curules son ocupadas por mitad hombres y mitad mujeres, sin contar que hay muchas presidentas municipales, s\u00edndicas y regidoras en los municipios.<\/p>\n<blockquote>\n<p style=\"text-align: justify;\"><span style=\"color: #333399;\">\u201cA cuentagotas, pero hemos ido avanzando y hoy se ve reflejada la lucha de muchos a\u00f1os emprendida por mujeres guerreras que dejaron su vida para que hoy nosotras podamos alzar la voz desde lugares representativos del \u00e1mbito p\u00fablico\u201d,<\/span> manifest\u00f3.<\/p>\n<\/blockquote>\n<p><img loading=\"lazy\" decoding=\"async\" class=\"alignnone size-medium wp-image-6460\" src=\"https:\/\/congresogro.gob.mx\/63\/inicio\/wp-content\/uploads\/2023\/03\/DESAYUNO-TRABAJADORAS-BOL-088-3-640x359.jpeg\" alt=\"\" width=\"640\" height=\"359\" srcset=\"https:\/\/congresogro.gob.mx\/63\/inicio\/wp-content\/uploads\/2023\/03\/DESAYUNO-TRABAJADORAS-BOL-088-3-640x360.jpeg 640w, https:\/\/congresogro.gob.mx\/63\/inicio\/wp-content\/uploads\/2023\/03\/DESAYUNO-TRABAJADORAS-BOL-088-3-1280x720.jpeg 1280w, https:\/\/congresogro.gob.mx\/63\/inicio\/wp-content\/uploads\/2023\/03\/DESAYUNO-TRABAJADORAS-BOL-088-3-768x431.jpeg 768w, https:\/\/congresogro.gob.mx\/63\/inicio\/wp-content\/uploads\/2023\/03\/DESAYUNO-TRABAJADORAS-BOL-088-3-1536x863.jpeg 1536w, https:\/\/congresogro.gob.mx\/63\/inicio\/wp-content\/uploads\/2023\/03\/DESAYUNO-TRABAJADORAS-BOL-088-3-320x180.jpeg 320w, https:\/\/congresogro.gob.mx\/63\/inicio\/wp-content\/uploads\/2023\/03\/DESAYUNO-TRABAJADORAS-BOL-088-3.jpeg 1560w\" sizes=\"auto, (max-width: 640px) 100vw, 640px\" \/><\/p>\n<p style=\"text-align: justify;\">Refiri\u00f3, asimismo, la gran trascendencia de contar por primera vez con una mujer gobernadora del estado. \u00bfCu\u00e1ndo nos imaginamos que una mujer podr\u00eda representar a este maravilloso y bronco estado? Eso, sin duda, es un paso enorme en la lucha que hasta el d\u00eda de hoy mantenemos vigente las mujeres en pro del reconocimiento de nuestros derechos\u201d, resalt\u00f3.<\/p>\n<p style=\"text-align: justify;\">Luego de referir la tragedia de hace 115 a\u00f1os que dio origen a la conmemoraci\u00f3n del D\u00eda Internacional de la Mujer, el 8 de marzo de 1857, cuando trabajadoras textiles de Nueva York fueron masacradas por la polic\u00eda por exigir mejores condiciones laborales y salarios, Yoloczin Dom\u00ednguez subray\u00f3 que la mejor manera de seguir honrando ese sacrificio es \u201cno quedarnos calladas. Ustedes, amigas colaboradoras del Congreso, cuentan con diputadas y diputados aliados. Debemos alzar la voz y oponernos a seguir siendo violentadas\u201d.<\/p>\n<p style=\"text-align: justify;\">Revel\u00f3 que, \u201ctristemente\u201d, a\u00fan prevalece la violencia contra trabajadoras del Congreso, ante lo cual adelant\u00f3, en conjunto con la Unidad para la Igualdad de G\u00e9nero, la implementaci\u00f3n de un diagn\u00f3stico para conocer los \u00edndices de violencia en la instituci\u00f3n, y tomar cartas en el asunto.<\/p>\n","protected":false},"excerpt":{"rendered":"<p>Chilpancingo, Gro., 08 de marzo de 2023.- Tras ofrecer a las trabajadoras del Congreso del Estado todo el respaldo de las diputadas y diputados aliados de la causa feminista, la presidenta de la Junta de Coordinaci\u00f3n Pol\u00edtica, Yoloczin Dom\u00ednguez Serna, adelant\u00f3 la realizaci\u00f3n de un diagn\u00f3stico para conocer el estatus de violencia contra las mujeres&#8230;<\/p>\n","protected":false},"author":1,"featured_media":6458,"comment_status":"closed","ping_status":"open","sticky":false,"template":"","format":"standard","meta":{"_monsterinsights_skip_tracking":false,"_monsterinsights_sitenote_active":false,"_monsterinsights_sitenote_note":"","_monsterinsights_sitenote_category":0,"footnotes":""},"categories":[3,15],"tags":[],"class_list":["post-6457","post","type-post","status-publish","format-standard","has-post-thumbnail","hentry","category-boletin","category-yoloczin-dominguez-serna"],"aioseo_notices":[],"_links":{"self":[{"href":"https:\/\/congresogro.gob.mx\/63\/inicio\/wp-json\/wp\/v2\/posts\/6457","targetHints":{"allow":["GET"]}}],"collection":[{"href":"https:\/\/congresogro.gob.mx\/63\/inicio\/wp-json\/wp\/v2\/posts"}],"about":[{"href":"https:\/\/congresogro.gob.mx\/63\/inicio\/wp-json\/wp\/v2\/types\/post"}],"author":[{"embeddable":true,"href":"https:\/\/congresogro.gob.mx\/63\/inicio\/wp-json\/wp\/v2\/users\/1"}],"replies":[{"embeddable":true,"href":"https:\/\/congresogro.gob.mx\/63\/inicio\/wp-json\/wp\/v2\/comments?post=6457"}],"version-history":[{"count":5,"href":"https:\/\/congresogro.gob.mx\/63\/inicio\/wp-json\/wp\/v2\/posts\/6457\/revisions"}],"predecessor-version":[{"id":6464,"href":"https:\/\/congresogro.gob.mx\/63\/inicio\/wp-json\/wp\/v2\/posts\/6457\/revisions\/6464"}],"wp:featuredmedia":[{"embeddable":true,"href":"https:\/\/congresogro.gob.mx\/63\/inicio\/wp-json\/wp\/v2\/media\/6458"}],"wp:attachment":[{"href":"https:\/\/congresogro.gob.mx\/63\/inicio\/wp-json\/wp\/v2\/media?parent=6457"}],"wp:term":[{"taxonomy":"category","embeddable":true,"href":"https:\/\/congresogro.gob.mx\/63\/inicio\/wp-json\/wp\/v2\/categories?post=6457"},{"taxonomy":"post_tag","embeddable":true,"href":"https:\/\/congresogro.gob.mx\/63\/inicio\/wp-json\/wp\/v2\/tags?post=6457"}],"curies":[{"name":"wp","href":"https:\/\/api.w.org\/{rel}","templated":true}]}}