{"id":6428,"date":"2023-03-02T09:18:56","date_gmt":"2023-03-02T15:18:56","guid":{"rendered":"https:\/\/congresogro.gob.mx\/63\/inicio\/?p=6428"},"modified":"2023-03-06T09:20:24","modified_gmt":"2023-03-06T15:20:24","slug":"sigue-la-disposicion-al-dialogo-con-los-sindicalistas-en-paro-manifiestan-funcionarios-del-congreso-2","status":"publish","type":"post","link":"https:\/\/congresogro.gob.mx\/63\/inicio\/2023\/03\/02\/sigue-la-disposicion-al-dialogo-con-los-sindicalistas-en-paro-manifiestan-funcionarios-del-congreso-2\/","title":{"rendered":"SIGUE LA DISPOSICI\u00d3N AL DI\u00c1LOGO CON LOS SINDICALISTAS  EN PARO, MANIFIESTAN FUNCIONARIOS DEL CONGRESO"},"content":{"rendered":"<p style=\"text-align: justify;\"><strong>Chilpancingo, Gro., 02 de marzo de 2023.- <\/strong>El secretario de Servicios Financieros y Administrativos del Congreso del Estado, Andr\u00e9s Rosendo Orozco Pintos, acompa\u00f1ado de las subdirectoras de Recursos Humanos y de Recursos Materiales, Juanita Avil\u00e9s Rodr\u00edguez y Arlene Siu Sarabia Pe\u00f1a, asegur\u00f3 que la mesa de di\u00e1logo est\u00e1 abierta para los integrantes del Sindicato de Trabajadores Sentimientos de la Naci\u00f3n, por lo que no hay motivo para estar bloqueando las instalaciones del Poder Legislativo.<\/p>\n<p style=\"text-align: justify;\">En conferencia de prensa, los funcionarios del Congreso indicaron que la toma de las instalaciones es totalmente \u201cilegal\u201d, ya que el pasado 15 de febrero se reuni\u00f3 la diputada Yoloczin Dom\u00ednguez Serna, presidenta de la Junta de Coordinaci\u00f3n Pol\u00edtica (Jucopo) con los integrantes de dicha representaci\u00f3n sindical, donde se acord\u00f3 instalar una mesa de trabajo para escuchar sus demandas.<\/p>\n<p style=\"text-align: justify;\">Sin embargo, Orozco Pintos se\u00f1al\u00f3 que el pasado viernes 24 de febrero los integrantes del sindicato rompieron el di\u00e1logo y se instalaron afuera de las instalaciones del Congreso del Estado, aunque permitiendo realizar las actividades cotidianas tanto a los trabajadores como a los diputados, hasta que este d\u00eda jueves todos los accesos al recinto legislativo fueron cerrados con candados.<\/p>\n<p style=\"text-align: justify;\">Refirieron los funcionarios que la toma de las instalaciones se debe a que los integrantes del sindicato solicitan que se reinstale a tres personas que fueron despedidas por diversos se\u00f1alamientos acerca de su comportamiento en el trabajo, y no por represalias ni por formar parte de la agrupaci\u00f3n sindical.<\/p>\n<p style=\"text-align: justify;\">Apuntaron que la Ley 248 de Trabajo de los Servidores P\u00fablicos del Estado de Guerrero, en su art\u00edculo 47, establece que el patr\u00f3n puede hacer uso de la rescisi\u00f3n laboral del personal de confianza cuando lo amerite, y que es all\u00ed donde se basaron para dar por terminada la relaci\u00f3n laboral de las tres personas, y no por el simple hecho de tomar acciones contra el sindicato.<\/p>\n<p style=\"text-align: justify;\">Reiteraron, por \u00faltimo, la disposici\u00f3n tanto de la administraci\u00f3n del Congreso como de la presidenta de la Jucopo de continuar con la mesa de di\u00e1logo y analizar cada una de sus demandas, as\u00ed como de respetar ampliamente los derechos laborales y sindicales de todas y todos los trabajadores.<\/p>\n","protected":false},"excerpt":{"rendered":"<p>Chilpancingo, Gro., 02 de marzo de 2023.- El secretario de Servicios Financieros y Administrativos del Congreso del Estado, Andr\u00e9s Rosendo Orozco Pintos, acompa\u00f1ado de las subdirectoras de Recursos Humanos y de Recursos Materiales, Juanita Avil\u00e9s Rodr\u00edguez y Arlene Siu Sarabia Pe\u00f1a, asegur\u00f3 que la mesa de di\u00e1logo est\u00e1 abierta para los integrantes del Sindicato de&#8230;<\/p>\n","protected":false},"author":1,"featured_media":6429,"comment_status":"closed","ping_status":"open","sticky":false,"template":"","format":"standard","meta":{"_monsterinsights_skip_tracking":false,"_monsterinsights_sitenote_active":false,"_monsterinsights_sitenote_note":"","_monsterinsights_sitenote_category":0,"footnotes":""},"categories":[3],"tags":[],"class_list":["post-6428","post","type-post","status-publish","format-standard","has-post-thumbnail","hentry","category-boletin"],"aioseo_notices":[],"_links":{"self":[{"href":"https:\/\/congresogro.gob.mx\/63\/inicio\/wp-json\/wp\/v2\/posts\/6428","targetHints":{"allow":["GET"]}}],"collection":[{"href":"https:\/\/congresogro.gob.mx\/63\/inicio\/wp-json\/wp\/v2\/posts"}],"about":[{"href":"https:\/\/congresogro.gob.mx\/63\/inicio\/wp-json\/wp\/v2\/types\/post"}],"author":[{"embeddable":true,"href":"https:\/\/congresogro.gob.mx\/63\/inicio\/wp-json\/wp\/v2\/users\/1"}],"replies":[{"embeddable":true,"href":"https:\/\/congresogro.gob.mx\/63\/inicio\/wp-json\/wp\/v2\/comments?post=6428"}],"version-history":[{"count":1,"href":"https:\/\/congresogro.gob.mx\/63\/inicio\/wp-json\/wp\/v2\/posts\/6428\/revisions"}],"predecessor-version":[{"id":6430,"href":"https:\/\/congresogro.gob.mx\/63\/inicio\/wp-json\/wp\/v2\/posts\/6428\/revisions\/6430"}],"wp:featuredmedia":[{"embeddable":true,"href":"https:\/\/congresogro.gob.mx\/63\/inicio\/wp-json\/wp\/v2\/media\/6429"}],"wp:attachment":[{"href":"https:\/\/congresogro.gob.mx\/63\/inicio\/wp-json\/wp\/v2\/media?parent=6428"}],"wp:term":[{"taxonomy":"category","embeddable":true,"href":"https:\/\/congresogro.gob.mx\/63\/inicio\/wp-json\/wp\/v2\/categories?post=6428"},{"taxonomy":"post_tag","embeddable":true,"href":"https:\/\/congresogro.gob.mx\/63\/inicio\/wp-json\/wp\/v2\/tags?post=6428"}],"curies":[{"name":"wp","href":"https:\/\/api.w.org\/{rel}","templated":true}]}}