{"id":6400,"date":"2023-03-01T11:50:07","date_gmt":"2023-03-01T17:50:07","guid":{"rendered":"https:\/\/congresogro.gob.mx\/63\/inicio\/?p=6400"},"modified":"2023-03-06T13:13:31","modified_gmt":"2023-03-06T19:13:31","slug":"es-un-compromiso-del-congreso-seguir-honrando-el-legado-de-los-proceres-de-la-patria-yanelly-hernandez","status":"publish","type":"post","link":"https:\/\/congresogro.gob.mx\/63\/inicio\/2023\/03\/01\/es-un-compromiso-del-congreso-seguir-honrando-el-legado-de-los-proceres-de-la-patria-yanelly-hernandez\/","title":{"rendered":"ES UN COMPROMISO DEL CONGRESO SEGUIR HONRANDO EL LEGADO DE LOS PR\u00d3CERES DE LA PATRIA: YANELLY HERN\u00c1NDEZ"},"content":{"rendered":"<p style=\"text-align: justify;\"><strong>Ayutla de los Libres, Gro., 01 de marzo de 2023<\/strong>.- En el marco de la conmemoraci\u00f3n del 169 Aniversario de la Proclamaci\u00f3n del Plan de Ayutla, la diputada Yanelly Hern\u00e1ndez Mart\u00ednez, presidenta de la Mesa Directiva del Congreso del Estado, extern\u00f3 que las legisladoras y legisladores guerrerenses tienen el compromiso de seguir honrando el legado de los h\u00e9roes que hace a\u00f1os defendieron la soberan\u00eda mexicana, y que tambi\u00e9n sentaron las bases jur\u00eddicas para el establecimiento del orden y la paz en la naci\u00f3n.<\/p>\n<p style=\"text-align: justify;\">\u201cNuestra historia y nuestra sangre tienen un lugar privilegiado en las p\u00e1ginas de la lucha nacional, y como tal asumimos con fervor y convicci\u00f3n el compromiso de defender hasta el \u00faltimo de nuestros d\u00edas a la patria, a la gran naci\u00f3n mexicana\u201d, enfatiz\u00f3.<\/p>\n<p style=\"text-align: justify;\">Al dar el mensaje oficial a nombre de la LXIII Legislatura, como parte de la Sesi\u00f3n P\u00fablica y Solemne realizada este mi\u00e9rcoles en la Plaza de la Paz de la ciudad de Ayutla, en la regi\u00f3n Costa Chica de Guerrero, la legisladora manifest\u00f3 que el 01 de marzo es una fecha conmemorativa muy importante no solo para los guerrerenses, sino para todas y todos los mexicanos, por ser el d\u00eda en que se hizo p\u00fablico el descontento social hacia el gobierno dictatorial que amenazaba la integridad de la rep\u00fablica y a los principios democr\u00e1ticos del federalismo.<\/p>\n<p style=\"text-align: justify;\">Destac\u00f3 que el Plan de Ayutla promulgado en 1854 por personajes como Juan \u00c1lvarez, Florencio Villareal, Ignacio Comonfort, Trinidad G\u00f3mez, Diego \u00c1lvarez, Tom\u00e1s Moreno y Rafael Benavides, jug\u00f3 un papel central en la constitucionalizaci\u00f3n de los postulados liberales que desterraron el centralismo de la vida republicana en M\u00e9xico, y fue el soporte ideol\u00f3gico que dio sentido a la revoluci\u00f3n que puso fin a la dictadura de Antonio L\u00f3pez de Santa Anna.<\/p>\n<p style=\"text-align: justify;\">\u201cNo solo se trat\u00f3 de un plan o pronunciamiento, sino que fue el parteaguas de nuestra historia en el siglo XIX, el acta de defunci\u00f3n del centralismo y, al mismo tiempo, el acta de nacimiento del liberalismo mexicano, adem\u00e1s de fuente del constitucionalismo moderno\u201d, expuso.<\/p>\n<p style=\"text-align: justify;\">En ese sentido, manifest\u00f3 que \u201ccomo guerrerenses y como mexicanos debemos estar sumamente orgullosos por este acontecimiento hist\u00f3rico, y asumir el compromiso de seguir conmemor\u00e1ndolo cada a\u00f1o con fervor y convicci\u00f3n\u201d.<\/p>\n<p style=\"text-align: justify;\">La lectura del documento hist\u00f3rico y el pase de lista de los personajes ilustres que los suscribieron estuvo a cargo de la diputada Elzy Camacho Pineda y del diputado Masedonio Mendoza Basurto, en su calidad de secretaria y secretario de Mesa Directiva.<\/p>\n<p style=\"text-align: justify;\">Al acto asistieron el secretario general de Gobierno, Ludwig Marcial Reynoso N\u00fa\u00f1ez, en representaci\u00f3n de la gobernadora Evelyn Cecia Salgado Pineda; la magistrada Adela Rom\u00e1n Ocampo en representaci\u00f3n del presidente del Tribunal Superior de Justicia, Raymundo Casarrubias V\u00e1zquez, as\u00ed como Ysabel de los Santos Morales, primer coordinador del Consejo Municipal de Ayutla de los Libres; Crescenciana Morales Locia de la zona Mestiza y Epifania Gonz\u00e1lez Guadalupe de la zona Me&#8217; Phaa.<\/p>\n<p style=\"text-align: justify;\">Al t\u00e9rmino de la sesi\u00f3n solemne, ante legisladoras y legisladores hizo uso de la palabra el coordinador Ysabel de los Santos, agradeciendo la presencia del Congreso en el municipio, y solicitando al mismo tiempo la culminaci\u00f3n del proceso de designaci\u00f3n de autoridades instituyentes del nuevo Ayuntamiento de \u00d1uu Savi, garantizando el respeto a las comunidades que lo conforman.<\/p>\n<p style=\"text-align: justify;\">Con esta sesi\u00f3n p\u00fablica y solemne qued\u00f3 instalado el Segundo Periodo Ordinario de Sesiones correspondiente al Segundo A\u00f1o de Ejercicio Constitucional de la Sexag\u00e9sima Tercera Legislatura al Honorable Congreso del Estado Libre y Soberano de Guerrero.<\/p>\n","protected":false},"excerpt":{"rendered":"<p>Ayutla de los Libres, Gro., 01 de marzo de 2023.- En el marco de la conmemoraci\u00f3n del 169 Aniversario de la Proclamaci\u00f3n del Plan de Ayutla, la diputada Yanelly Hern\u00e1ndez Mart\u00ednez, presidenta de la Mesa Directiva del Congreso del Estado, extern\u00f3 que las legisladoras y legisladores guerrerenses tienen el compromiso de seguir honrando el legado&#8230;<\/p>\n","protected":false},"author":1,"featured_media":6401,"comment_status":"closed","ping_status":"open","sticky":false,"template":"","format":"standard","meta":{"_monsterinsights_skip_tracking":false,"_monsterinsights_sitenote_active":false,"_monsterinsights_sitenote_note":"","_monsterinsights_sitenote_category":0,"footnotes":""},"categories":[3],"tags":[],"class_list":["post-6400","post","type-post","status-publish","format-standard","has-post-thumbnail","hentry","category-boletin"],"aioseo_notices":[],"_links":{"self":[{"href":"https:\/\/congresogro.gob.mx\/63\/inicio\/wp-json\/wp\/v2\/posts\/6400","targetHints":{"allow":["GET"]}}],"collection":[{"href":"https:\/\/congresogro.gob.mx\/63\/inicio\/wp-json\/wp\/v2\/posts"}],"about":[{"href":"https:\/\/congresogro.gob.mx\/63\/inicio\/wp-json\/wp\/v2\/types\/post"}],"author":[{"embeddable":true,"href":"https:\/\/congresogro.gob.mx\/63\/inicio\/wp-json\/wp\/v2\/users\/1"}],"replies":[{"embeddable":true,"href":"https:\/\/congresogro.gob.mx\/63\/inicio\/wp-json\/wp\/v2\/comments?post=6400"}],"version-history":[{"count":1,"href":"https:\/\/congresogro.gob.mx\/63\/inicio\/wp-json\/wp\/v2\/posts\/6400\/revisions"}],"predecessor-version":[{"id":6402,"href":"https:\/\/congresogro.gob.mx\/63\/inicio\/wp-json\/wp\/v2\/posts\/6400\/revisions\/6402"}],"wp:featuredmedia":[{"embeddable":true,"href":"https:\/\/congresogro.gob.mx\/63\/inicio\/wp-json\/wp\/v2\/media\/6401"}],"wp:attachment":[{"href":"https:\/\/congresogro.gob.mx\/63\/inicio\/wp-json\/wp\/v2\/media?parent=6400"}],"wp:term":[{"taxonomy":"category","embeddable":true,"href":"https:\/\/congresogro.gob.mx\/63\/inicio\/wp-json\/wp\/v2\/categories?post=6400"},{"taxonomy":"post_tag","embeddable":true,"href":"https:\/\/congresogro.gob.mx\/63\/inicio\/wp-json\/wp\/v2\/tags?post=6400"}],"curies":[{"name":"wp","href":"https:\/\/api.w.org\/{rel}","templated":true}]}}