{"id":640,"date":"2021-10-04T22:26:14","date_gmt":"2021-10-04T22:26:14","guid":{"rendered":"https:\/\/congresogro.gob.mx\/63\/inicio\/?p=640"},"modified":"2021-10-04T22:26:14","modified_gmt":"2021-10-04T22:26:14","slug":"analizan-congreso-e-iepc-la-situacion-politica-de-iliatenco","status":"publish","type":"post","link":"https:\/\/congresogro.gob.mx\/63\/inicio\/2021\/10\/04\/analizan-congreso-e-iepc-la-situacion-politica-de-iliatenco\/","title":{"rendered":"ANALIZAN CONGRESO E IEPC LA SITUACI\u00d3N POL\u00cdTICA DE ILIATENCO"},"content":{"rendered":"<p style=\"text-align: justify;\">La Conferencia Para la Direcci\u00f3n y Programaci\u00f3n de los Trabajos Legislativos del Congreso del Estado se reuni\u00f3 este lunes con funcionarios del Instituto Electoral y de Participaci\u00f3n Ciudadana del Estado de Guerrero (IEPC), a efecto de analizar y resolver la situaci\u00f3n pol\u00edtica del municipio de Iliatenco, luego de que por resoluci\u00f3n de la Sala Superior del Tribunal Electoral del Poder Judicial de la Federaci\u00f3n qued\u00f3 anulada la elecci\u00f3n del pasado 6 de junio.<\/p>\n<p style=\"text-align: justify;\">Las y los diputados se comprometieron para que a la brevedad posible el Pleno del Congreso discuta y apruebe la integraci\u00f3n de un Consejo Municipal que se haga cargo de la gobernanza en dicho municipio de la regi\u00f3n Monta\u00f1a, al tiempo en que el \u00f3rgano electoral preparar\u00e1 una nueva jornada comicial.<\/p>\n<p style=\"text-align: justify;\">La reuni\u00f3n fue encabezada por los presidentes de la Junta de Coordinaci\u00f3n Pol\u00edtica y de la Mesa Directiva, Alfredo S\u00e1nchez Esquivel y Flor A\u00f1orve Ocampo, con la participaci\u00f3n de las y los legisladores H\u00e9ctor Apreza Patr\u00f3n, Raymundo Garc\u00eda Guti\u00e9rrez, Manuel Qui\u00f1\u00f3nez Cort\u00e9s, Leticia Mosso Hern\u00e1ndez y Ana Lenis Res\u00e9ndiz Javier.<\/p>\n","protected":false},"excerpt":{"rendered":"<p>La Conferencia Para la Direcci\u00f3n y Programaci\u00f3n de los Trabajos Legislativos del Congreso del Estado se reuni\u00f3 este lunes con funcionarios del Instituto Electoral y de Participaci\u00f3n Ciudadana del Estado de Guerrero (IEPC), a efecto de analizar y resolver la situaci\u00f3n pol\u00edtica del municipio de Iliatenco, luego de que por resoluci\u00f3n de la Sala Superior&#8230;<\/p>\n","protected":false},"author":1,"featured_media":641,"comment_status":"closed","ping_status":"open","sticky":false,"template":"","format":"standard","meta":{"_monsterinsights_skip_tracking":false,"_monsterinsights_sitenote_active":false,"_monsterinsights_sitenote_note":"","_monsterinsights_sitenote_category":0,"footnotes":""},"categories":[3],"tags":[],"class_list":["post-640","post","type-post","status-publish","format-standard","has-post-thumbnail","hentry","category-boletin"],"aioseo_notices":[],"_links":{"self":[{"href":"https:\/\/congresogro.gob.mx\/63\/inicio\/wp-json\/wp\/v2\/posts\/640","targetHints":{"allow":["GET"]}}],"collection":[{"href":"https:\/\/congresogro.gob.mx\/63\/inicio\/wp-json\/wp\/v2\/posts"}],"about":[{"href":"https:\/\/congresogro.gob.mx\/63\/inicio\/wp-json\/wp\/v2\/types\/post"}],"author":[{"embeddable":true,"href":"https:\/\/congresogro.gob.mx\/63\/inicio\/wp-json\/wp\/v2\/users\/1"}],"replies":[{"embeddable":true,"href":"https:\/\/congresogro.gob.mx\/63\/inicio\/wp-json\/wp\/v2\/comments?post=640"}],"version-history":[{"count":1,"href":"https:\/\/congresogro.gob.mx\/63\/inicio\/wp-json\/wp\/v2\/posts\/640\/revisions"}],"predecessor-version":[{"id":642,"href":"https:\/\/congresogro.gob.mx\/63\/inicio\/wp-json\/wp\/v2\/posts\/640\/revisions\/642"}],"wp:featuredmedia":[{"embeddable":true,"href":"https:\/\/congresogro.gob.mx\/63\/inicio\/wp-json\/wp\/v2\/media\/641"}],"wp:attachment":[{"href":"https:\/\/congresogro.gob.mx\/63\/inicio\/wp-json\/wp\/v2\/media?parent=640"}],"wp:term":[{"taxonomy":"category","embeddable":true,"href":"https:\/\/congresogro.gob.mx\/63\/inicio\/wp-json\/wp\/v2\/categories?post=640"},{"taxonomy":"post_tag","embeddable":true,"href":"https:\/\/congresogro.gob.mx\/63\/inicio\/wp-json\/wp\/v2\/tags?post=640"}],"curies":[{"name":"wp","href":"https:\/\/api.w.org\/{rel}","templated":true}]}}