{"id":6394,"date":"2023-02-27T11:45:10","date_gmt":"2023-02-27T17:45:10","guid":{"rendered":"https:\/\/congresogro.gob.mx\/63\/inicio\/?p=6394"},"modified":"2023-03-02T11:46:11","modified_gmt":"2023-03-02T17:46:11","slug":"no-existe-represalia-contra-el-sindicato-independiente-del-congreso-afirman-funcionarios","status":"publish","type":"post","link":"https:\/\/congresogro.gob.mx\/63\/inicio\/2023\/02\/27\/no-existe-represalia-contra-el-sindicato-independiente-del-congreso-afirman-funcionarios\/","title":{"rendered":"NO EXISTE REPRESALIA CONTRA EL SINDICATO  INDEPENDIENTE DEL CONGRESO, AFIRMAN FUNCIONARIOS"},"content":{"rendered":"<p style=\"text-align: justify;\"><strong>Chilpancingo, Gro., 27 de febrero de 2023<\/strong>.- El secretario de Servicios Financieros y Administrativos del Congreso del Estado, Andr\u00e9s Rosendo Orozco Pintos, junto a la subdirectora de Recursos Humanos, Juanita Avil\u00e9s Rodr\u00edguez, asever\u00f3 que el despido de dos integrantes del Sindicato de Trabajadores Sentimientos de la Naci\u00f3n no se debe a \u201crepresalias\u201d, sino a que se recibieron inconformidades en relaci\u00f3n con el desempe\u00f1o de sus funciones.<\/p>\n<p style=\"text-align: justify;\">En conferencia de prensa en las instalaciones del Congreso, los funcionarios aclararon que el Poder Legislativo no se encuentra en paro de labores, sino que solamente est\u00e1 tomada la vialidad que da acceso al inmueble, lo cual no ha impedido el acceso a legisladores y personal, ni se han detenido las actividades legislativas, muestra de lo cual es que se desarroll\u00f3 sin complicaciones la sesi\u00f3n extraordinaria programada para este lunes.<\/p>\n<p style=\"text-align: justify;\">Referente a la mesa de di\u00e1logo que se ten\u00eda programada el pasado viernes 24 de febrero entre la administraci\u00f3n y una comisi\u00f3n de trabajadores, afirmaron que estos pusieron como condici\u00f3n para continuar con los acuerdos la reinstalaci\u00f3n de la trabajadora y el trabajador, \u201calgo que no se puede realizar porque, en su debido momento, no era parte de los temas\u201d.<\/p>\n<p style=\"text-align: justify;\">A la vez que mostraban pruebas documentales a los miembros de la prensa, los funcionarios recalcaron que los despidos \u201cno son acciones contra el sindicato\u201d, como ha sido denunciado, sino \u201cllamadas de atenci\u00f3n e incidencias\u201d que en su momento fueron observadas por los responsables de las \u00e1reas en que ellos estaban asignados, sumado a quejas de diputados, por lo que fue necesario prescindir de sus servicios; \u201ceso s\u00ed, con su liquidaci\u00f3n conforme a la ley. Ya es su derecho aceptarla o no, pero no es negociable su reinstalaci\u00f3n\u201d, apuntaron.<\/p>\n<p style=\"text-align: justify;\">Asimismo, aclararon que cuando se dio la mesa de di\u00e1logo con la presidenta de la Junta de Coordinaci\u00f3n Pol\u00edtica, \u00fanicamente hab\u00eda denuncias en contra de Fernando Mart\u00ednez Rom\u00e1n, no contra otros integrantes del sindicato.<\/p>\n<p style=\"text-align: justify;\">Abundaron que dicho proceso contra el dirigente del sindicato se encuentra en manos del \u00d3rgano Interno de Control del Congreso, y confiaron en que pronto pueda dictaminarse para ser informado a las y los agremiados.<\/p>\n","protected":false},"excerpt":{"rendered":"<p>Chilpancingo, Gro., 27 de febrero de 2023.- El secretario de Servicios Financieros y Administrativos del Congreso del Estado, Andr\u00e9s Rosendo Orozco Pintos, junto a la subdirectora de Recursos Humanos, Juanita Avil\u00e9s Rodr\u00edguez, asever\u00f3 que el despido de dos integrantes del Sindicato de Trabajadores Sentimientos de la Naci\u00f3n no se debe a \u201crepresalias\u201d, sino a que&#8230;<\/p>\n","protected":false},"author":1,"featured_media":6395,"comment_status":"closed","ping_status":"open","sticky":false,"template":"","format":"standard","meta":{"_monsterinsights_skip_tracking":false,"_monsterinsights_sitenote_active":false,"_monsterinsights_sitenote_note":"","_monsterinsights_sitenote_category":0,"footnotes":""},"categories":[3],"tags":[],"class_list":["post-6394","post","type-post","status-publish","format-standard","has-post-thumbnail","hentry","category-boletin"],"aioseo_notices":[],"_links":{"self":[{"href":"https:\/\/congresogro.gob.mx\/63\/inicio\/wp-json\/wp\/v2\/posts\/6394","targetHints":{"allow":["GET"]}}],"collection":[{"href":"https:\/\/congresogro.gob.mx\/63\/inicio\/wp-json\/wp\/v2\/posts"}],"about":[{"href":"https:\/\/congresogro.gob.mx\/63\/inicio\/wp-json\/wp\/v2\/types\/post"}],"author":[{"embeddable":true,"href":"https:\/\/congresogro.gob.mx\/63\/inicio\/wp-json\/wp\/v2\/users\/1"}],"replies":[{"embeddable":true,"href":"https:\/\/congresogro.gob.mx\/63\/inicio\/wp-json\/wp\/v2\/comments?post=6394"}],"version-history":[{"count":1,"href":"https:\/\/congresogro.gob.mx\/63\/inicio\/wp-json\/wp\/v2\/posts\/6394\/revisions"}],"predecessor-version":[{"id":6396,"href":"https:\/\/congresogro.gob.mx\/63\/inicio\/wp-json\/wp\/v2\/posts\/6394\/revisions\/6396"}],"wp:featuredmedia":[{"embeddable":true,"href":"https:\/\/congresogro.gob.mx\/63\/inicio\/wp-json\/wp\/v2\/media\/6395"}],"wp:attachment":[{"href":"https:\/\/congresogro.gob.mx\/63\/inicio\/wp-json\/wp\/v2\/media?parent=6394"}],"wp:term":[{"taxonomy":"category","embeddable":true,"href":"https:\/\/congresogro.gob.mx\/63\/inicio\/wp-json\/wp\/v2\/categories?post=6394"},{"taxonomy":"post_tag","embeddable":true,"href":"https:\/\/congresogro.gob.mx\/63\/inicio\/wp-json\/wp\/v2\/tags?post=6394"}],"curies":[{"name":"wp","href":"https:\/\/api.w.org\/{rel}","templated":true}]}}