{"id":6388,"date":"2023-02-27T18:02:30","date_gmt":"2023-02-28T00:02:30","guid":{"rendered":"https:\/\/congresogro.gob.mx\/63\/inicio\/?p=6388"},"modified":"2023-02-27T18:02:30","modified_gmt":"2023-02-28T00:02:30","slug":"aprueba-congreso-la-donacion-de-terrenos-a-sedena-y-guardia-nacional-en-pro-de-la-seguridad","status":"publish","type":"post","link":"https:\/\/congresogro.gob.mx\/63\/inicio\/2023\/02\/27\/aprueba-congreso-la-donacion-de-terrenos-a-sedena-y-guardia-nacional-en-pro-de-la-seguridad\/","title":{"rendered":"APRUEBA CONGRESO LA DONACI\u00d3N DE TERRENOS A SEDENA  Y GUARDIA NACIONAL, EN PRO DE LA SEGURIDAD"},"content":{"rendered":"<p style=\"text-align: justify;\"><strong>Chilpancingo, Gro., 27 de febrero de 2023<\/strong>.- Para coadyuvar en las tareas de prevenci\u00f3n del delito y salvaguarda de la integridad de las y los guerrerenses, el Congreso del Estado aprob\u00f3 la donaci\u00f3n de terrenos en favor de la Secretar\u00eda de la Defensa Nacional (Sedena) y Guardia Nacional en los municipios de Iguala y Pilcaya, y uno m\u00e1s en esta ciudad capital para la construcci\u00f3n de oficinas del Tribunal de Justicia Administrativa.<\/p>\n<p style=\"text-align: justify;\">En una sesi\u00f3n extraordinaria de este lunes, las diputadas y diputados de la LXIII Legislatura aprobaron un dictamen por el que se autoriza la donaci\u00f3n de un bien inmueble propiedad del Ayuntamiento de Iguala de la Independencia, en favor del Gobierno Federal, con destino a la Sedena, adem\u00e1s de autorizar el cambio de uso de suelo del referido predio para el desarrollo de actividades castrenses.<\/p>\n<p style=\"text-align: justify;\">De acuerdo con el dictamen fundamentado por el presidente de la Comisi\u00f3n de Hacienda, diputado Bernardo Ortega Jim\u00e9nez, esta acci\u00f3n tiene por objeto que la Sedena lleve a cabo actividades de naturaleza castrense, que sin duda alguna ser\u00e1n en beneficio de la sociedad.<\/p>\n<p style=\"text-align: justify;\">Por su parte, la diputada Beatriz Mojica Morga, en su calidad de integrante de la Comisi\u00f3n de Hacienda, fundament\u00f3 el dictamen para autorizar la cesi\u00f3n de derechos de propiedad de una fracci\u00f3n del predio r\u00fastico ubicado en El Llano de la Concepci\u00f3n, en el paraje denominado La Carretera, propiedad del Ayuntamiento de Pilcaya, en favor de la Sedena, para la construcci\u00f3n de un cuartel de la Guardia Nacional.<\/p>\n<p style=\"text-align: justify;\">Mientras que la diputada Alicia Elizabeth Zamora Villava fundament\u00f3 el dictamen por el que se autoriza a la gobernadora Evelyn Cecia Salgado Pineda dar en donaci\u00f3n pura, gratuita y simple el inmueble propiedad del estado denominado La Cinca, en Chilpancingo, en favor del Tribunal de Justicia Administrativa.<\/p>\n<p style=\"text-align: justify;\">\n<p style=\"text-align: justify;\"><strong>Sesi\u00f3n de la Comisi\u00f3n Permanente <\/strong><\/p>\n<p style=\"text-align: justify;\">Posteriormente, la Comisi\u00f3n Permanente clausur\u00f3 el Primer Periodo de Receso del Segundo A\u00f1o de Ejercicio Constitucional de la LXIII Legislatura.<\/p>\n<p style=\"text-align: justify;\">Asimismo, se cit\u00f3 para celebrar sesi\u00f3n p\u00fablica y solemne este mi\u00e9rcoles 1\u00ba de marzo en la Plaza P\u00fablica del municipio de Ayutla de los Libres, para conmemorar el 169 Aniversario de la Proclamaci\u00f3n del Plan de Ayutla.<\/p>\n","protected":false},"excerpt":{"rendered":"<p>Chilpancingo, Gro., 27 de febrero de 2023.- Para coadyuvar en las tareas de prevenci\u00f3n del delito y salvaguarda de la integridad de las y los guerrerenses, el Congreso del Estado aprob\u00f3 la donaci\u00f3n de terrenos en favor de la Secretar\u00eda de la Defensa Nacional (Sedena) y Guardia Nacional en los municipios de Iguala y Pilcaya,&#8230;<\/p>\n","protected":false},"author":1,"featured_media":6389,"comment_status":"closed","ping_status":"open","sticky":false,"template":"","format":"standard","meta":{"_monsterinsights_skip_tracking":false,"_monsterinsights_sitenote_active":false,"_monsterinsights_sitenote_note":"","_monsterinsights_sitenote_category":0,"footnotes":""},"categories":[3],"tags":[],"class_list":["post-6388","post","type-post","status-publish","format-standard","has-post-thumbnail","hentry","category-boletin"],"aioseo_notices":[],"_links":{"self":[{"href":"https:\/\/congresogro.gob.mx\/63\/inicio\/wp-json\/wp\/v2\/posts\/6388","targetHints":{"allow":["GET"]}}],"collection":[{"href":"https:\/\/congresogro.gob.mx\/63\/inicio\/wp-json\/wp\/v2\/posts"}],"about":[{"href":"https:\/\/congresogro.gob.mx\/63\/inicio\/wp-json\/wp\/v2\/types\/post"}],"author":[{"embeddable":true,"href":"https:\/\/congresogro.gob.mx\/63\/inicio\/wp-json\/wp\/v2\/users\/1"}],"replies":[{"embeddable":true,"href":"https:\/\/congresogro.gob.mx\/63\/inicio\/wp-json\/wp\/v2\/comments?post=6388"}],"version-history":[{"count":1,"href":"https:\/\/congresogro.gob.mx\/63\/inicio\/wp-json\/wp\/v2\/posts\/6388\/revisions"}],"predecessor-version":[{"id":6390,"href":"https:\/\/congresogro.gob.mx\/63\/inicio\/wp-json\/wp\/v2\/posts\/6388\/revisions\/6390"}],"wp:featuredmedia":[{"embeddable":true,"href":"https:\/\/congresogro.gob.mx\/63\/inicio\/wp-json\/wp\/v2\/media\/6389"}],"wp:attachment":[{"href":"https:\/\/congresogro.gob.mx\/63\/inicio\/wp-json\/wp\/v2\/media?parent=6388"}],"wp:term":[{"taxonomy":"category","embeddable":true,"href":"https:\/\/congresogro.gob.mx\/63\/inicio\/wp-json\/wp\/v2\/categories?post=6388"},{"taxonomy":"post_tag","embeddable":true,"href":"https:\/\/congresogro.gob.mx\/63\/inicio\/wp-json\/wp\/v2\/tags?post=6388"}],"curies":[{"name":"wp","href":"https:\/\/api.w.org\/{rel}","templated":true}]}}