{"id":6319,"date":"2023-02-16T20:34:57","date_gmt":"2023-02-17T02:34:57","guid":{"rendered":"https:\/\/congresogro.gob.mx\/63\/inicio\/?p=6319"},"modified":"2023-02-16T20:34:57","modified_gmt":"2023-02-17T02:34:57","slug":"aprueban-propuestas-de-autoridades-instituyentes-para-los-nuevos-municipios-de-nuu-savi-san-nicolas-santa-cruz-del-rincon-y-las-vigas","status":"publish","type":"post","link":"https:\/\/congresogro.gob.mx\/63\/inicio\/2023\/02\/16\/aprueban-propuestas-de-autoridades-instituyentes-para-los-nuevos-municipios-de-nuu-savi-san-nicolas-santa-cruz-del-rincon-y-las-vigas\/","title":{"rendered":"APRUEBAN PROPUESTAS DE AUTORIDADES INSTITUYENTES PARA LOS NUEVOS MUNICIPIOS DE \u00d1UU SAVI, SAN NICOL\u00c1S, SANTA CRUZ DEL RINC\u00d3N Y LAS VIGAS"},"content":{"rendered":"<p style=\"text-align: justify;\"><strong>Chilpancingo, Gro., 16 de febrero de 2023<\/strong>.- La Comisi\u00f3n Permanente del Congreso del Estado aprob\u00f3 un acuerdo por el que se declaran personas elegibles y, por ende, propuestas para la designaci\u00f3n de integrantes de los ayuntamientos de los municipios de \u00d1uu Savi, San Nicol\u00e1s, Santa Cruz del Rinc\u00f3n y Las Vigas, Guerrero.<\/p>\n<p style=\"text-align: justify;\">De acuerdo con el dictamen emitido por la Comisi\u00f3n de Asuntos Pol\u00edticos y Gobernaci\u00f3n, se realiz\u00f3 el correspondiente estudio, an\u00e1lisis y dictaminaci\u00f3n de las propuestas para la integraci\u00f3n de estos nuevos ayuntamientos, considerando los escritos y propuestas enviadas a esta Soberan\u00eda por ciudadanas y ciudadanos en lo individual y colectivamente.<\/p>\n<p style=\"text-align: justify;\">Durante la lectura del documento, a cargo del primer secretario de la Mesa Directiva, diputado Masedonio Mendoza Basurto, la designaci\u00f3n de las y los integrantes se basa en el cumplimiento del art\u00edculo 13, p\u00e1rrafo segundo de la Ley Org\u00e1nica del Municipio Libre del Estado de Guerrero, el cual establece que para concretar la creaci\u00f3n de un nuevo municipio, el Congreso del Estado designar\u00e1 un ayuntamiento instituyente conformado por una presidencia, una sindicatura y seis regidur\u00edas.<\/p>\n<p style=\"text-align: justify;\">Las propuestas de personas para ostentar dichos cargos provendr\u00e1n de entre los vecinos, cuidando que las mismas no hayan fungido como directivos de partidos pol\u00edticos, desempe\u00f1ado cargos de elecci\u00f3n popular, ni sean miembros del comit\u00e9 gestor vigente.<\/p>\n<p style=\"text-align: justify;\">Asimismo, se establece que las autoridades instituyentes fungir\u00e1n por un periodo no menor de un a\u00f1o, ni mayor de tres a\u00f1os, y deber\u00e1n ser sustituidos por aquellas que sean electas en los comicios ordinarios inmediatos a la fecha de creaci\u00f3n del nuevo municipio.<\/p>\n<p style=\"text-align: justify;\">De esta forma, el Ayuntamiento de \u00d1uu Savi quedar\u00e1 integrado por Donaciano Morales Porfirio como presidente y Seraf\u00edn Morales L\u00f3pez como suplente; Eusebia de los Santos Hermelinda como s\u00edndica y Elvira Silverio Garc\u00eda como suplente; V\u00edctor Bernab\u00e9 Porfirio en la primera regidur\u00eda y Ausencio Villanueva Ben\u00edtez como suplente; Hermelinda Campos Leyva, segunda regidur\u00eda y Virgen Hern\u00e1ndez Guadalupe como suplente; Inocente Morales \u00c1lvarez, tercera regidur\u00eda; Maribel Garc\u00eda Maximino, cuarta regidur\u00eda\u00a0 y Lorena de Jes\u00fas Ram\u00edrez como suplente); Rodrigo Silverio Guadalupe en la quinta regidur\u00eda\u00a0 e Inocencio Z\u00fa\u00f1iga Saturnino como suplente, y Divina Oropeza de la Luz en la sexta regidur\u00eda.<\/p>\n<p style=\"text-align: justify;\">Para el Municipio de San Nicol\u00e1s las propuestas para la presidencia son: Felipe de la Cruz Sandoval, Tan\u00eda \u00c1vila Magadan, Omar Rom\u00e1n Mariche y Teresa Hern\u00e1ndez Herrera; para la sindicatura, Josefina Silva Noyola y Carlos Alejandro Silva Mariche, como suplente; para regidur\u00edas Josu\u00e9 Villarreal Silva, Mar\u00eda Eduarda Noyola Morga, Ciriaco Mesa Garc\u00eda, Leonarda Mar\u00edn Flores, Magdalena Bernal Clemente, Alejandro Castillo Mar\u00edn, Ra\u00fal Cruz Moreno, Paula De la Cruz Mariche Dom\u00ednguez, Mar\u00eda lsabel Bruno Garc\u00eda, F\u00e9lix Baloy Figueroa Hern\u00e1ndez, Jon\u00e1s Sa\u00fal Giral Salas, Julia Esther Ruiz Rojas, Abel Ad\u00e1n Anico Flores, Humberto Felicito Magadan Neri y Agripino Neftal\u00ed Melo Salinas.<\/p>\n<p style=\"text-align: justify;\">En el municipio de Santa Cruz del Rinc\u00f3n se proponen como presidente a Godofredo Avil\u00e9s Mendoza, \u00c1ngel Rodr\u00edguez Flores, Concepci\u00f3n S\u00e1nchez N\u00e9stor, lnocencio Ju\u00e1rez Lucas, Roberto Santana Lara, Sidronia D\u00edaz Navarrete, Ira\u00eds Jinetet Mendoza y Apolonio Qui\u00f1\u00f3nez Garc\u00eda, y como suplente a Josefina Mart\u00ednez Aurelio; como s\u00edndico o s\u00edndica a Erasto de Jes\u00fas Ignacio y Fabiola Oropeza Calder\u00f3n, y como suplentes Ismael Jinete Ponce y Genny Lauro Jinete.<\/p>\n<p style=\"text-align: justify;\">Mientras que para regidores se propone a L\u00e1zaro Rea Basurto, Alberto Basurto Rea, Valeriana Tiburcio Melquiades, Norma Olgu\u00edn Rea, Abad Oropeza Bernardino, Nazario Mois\u00e9s de los Santos, Angelina Jes\u00fas Garc\u00eda, Josefina Lat\u00edn Vicente, Jes\u00fas Manzanares Oropeza, Godofredo Arnulfo Cant\u00fa, Mar\u00eda Manzanares Castro, Antonia Castro Espinobarros, Carmen Castro Rojas, Roberto Santana Rea, lrinea Mendoza Rodr\u00edguez, Vidulfo Filem\u00f3n Rodr\u00edguez, Maximino Lat\u00edn Olivera, Fel\u00edcitas Medel Agust\u00edn, Juliana Bartolom\u00e9 Castro, Nabor Jinete Piza y Sinforosa Agust\u00edn Ignacio.<\/p>\n<p style=\"text-align: justify;\">Para el municipio de Las Vigas, las propuestas a la Presidencia son: Francisco Mendoza Ram\u00edrez, Gilberto M\u00e9ndez V\u00e1zquez, Yolanda Ruiz Carmona, Isaac Ignacio Blanco, Nicol\u00e1s Torres Salado, Ruvicel del Valle Cuevas, Urbano Garc\u00eda Javier y Mar\u00eda Encarnaci\u00f3n Ram\u00edrez Gallardo.<\/p>\n<p style=\"text-align: justify;\">Para la sindicatura van ldolina Bibiano lgnacio, Adriana Elizabeth Garnica Ventura, Perla Ruby Mesa, Maril\u00fa Reynoso Ignacio y Urbano Garc\u00eda Javier, y para las regidur\u00edas Crisp\u00edn Tornez Valencia, Federico D\u00edaz Cruz, Mar\u00eda de Jes\u00fas Albite S\u00e1nchez, Laura Hern\u00e1ndez Ruiz, Cruz Liquidano Venancio, Raymundo Gerardo Soto, Adilene Cano Ocampo, Yoana Tavares Rend\u00f3n, R\u00e9gulo Bibiano Mendoza, Apolinar Tornez Jim\u00e9nez, Georgina Sandoval Baltazar, Alfredo Meza Cruz, Marina Cuevas Calder\u00f3n, Jaime Ram\u00edrez Pacheco y Araceli Vargas Hern\u00e1ndez.<\/p>\n<p style=\"text-align: justify;\">Tambi\u00e9n se est\u00e1n considerando para ocupar alg\u00fan cargo en dicho ayuntamiento a las y los ciudadanos Antonio Guinto Mart\u00ednez, Ma. Silva Gallardo Rodr\u00edguez, Jos\u00e9 Feliciano Molina Cruzalta, Lendi Maribel G\u00f3mez Ventura, J. Socorro Torres Hermenegildo, Violeta Coral Arcos Salado, Carlos Octavio Sol\u00eds Bibiano, Rosario Guinto Blanco, Fernando Cort\u00e9s Tornez, Herlinda Guzm\u00e1n R\u00edos, \u00c1ngel Rend\u00f3n Carmona, Soledad Hermenegildo Arizmendi, Renato Cruz Lorenzo, Luz Marina Mayo Navidad, Erika Salado Luna, Gerardo Ram\u00edrez Moreno, Aleccis Tabares Cruz, Alda Rosa Genchi Villal, Alejandro Gerardo Garc\u00eda, Luz Mar\u00eda Villanueva Garc\u00eda, Gregorio Garc\u00eda Trujillo y Brenda Romualdo Vilial.<\/p>\n<p style=\"text-align: justify;\"><strong>\u00a0<\/strong><\/p>\n<p style=\"text-align: justify;\"><strong>Acuerdo <\/strong><\/p>\n<p style=\"text-align: justify;\">El Pleno de la Comisi\u00f3n Permanente aprob\u00f3 el Orden del D\u00eda al que se sujetar\u00e1 la sesi\u00f3n solemne en Ayutla de los Libres, Guerrero, el d\u00eda mi\u00e9rcoles 01 de marzo de 2023, con motivo del 169 aniversario de la proclamaci\u00f3n del Plan de Ayutla.<\/p>\n<p style=\"text-align: justify;\">\n<p style=\"text-align: justify;\"><strong>Intervenciones <\/strong><\/p>\n<p style=\"text-align: justify;\">La diputada Jessica Alejo Rayo intervino en relaci\u00f3n con el D\u00eda de la Mujer Mexicana. Consider\u00f3 indispensable que en los organismos p\u00fablicos descentralizados se garantice la paridad de g\u00e9nero de arriba hacia abajo, a partir de los titulares, direcciones, jefaturas o an\u00e1logos, seg\u00fan sea el caso, y que la mitad de estos cargos sea para las mujeres y la otra mitad para los hombres.<\/p>\n<p style=\"text-align: justify;\">Sobre el mismo tema, la diputada Ang\u00e9lica Espinoza Garc\u00eda manifest\u00f3 su compromiso como legisladora para impulsar la agenda de las mujeres, con la visi\u00f3n de que las efem\u00e9rides se vuelvan acci\u00f3n y praxis legislativa, y para que la igualdad sea un derecho palpable con base en la dignidad humana, y no en la discriminaci\u00f3n.<\/p>\n<p style=\"text-align: justify;\">En su intervenci\u00f3n, la diputada Claudia Sierra P\u00e9rez celebr\u00f3 que la gobernadora Evelyn Salgado Pineda haya dado preponderancia a las mujeres en su gabinete.<\/p>\n<p style=\"text-align: justify;\">Mientras que la diputada Gaby Bernal Res\u00e9ndiz conden\u00f3 desde la tribuna el asesinato a golpes de una mujer, este d\u00eda en la ciudad de Chilpancingo. Manifest\u00f3 que no hay \u201cnada que celebrar\u201d, al tiempo en que llam\u00f3 a la reflexi\u00f3n, para que gobiernos, poderes Legislativo y Judicial, ayuntamientos y otras instancias unan esfuerzos para que ninguna mujer m\u00e1s sea asesinada.<\/p>\n","protected":false},"excerpt":{"rendered":"<p>Chilpancingo, Gro., 16 de febrero de 2023.- La Comisi\u00f3n Permanente del Congreso del Estado aprob\u00f3 un acuerdo por el que se declaran personas elegibles y, por ende, propuestas para la designaci\u00f3n de integrantes de los ayuntamientos de los municipios de \u00d1uu Savi, San Nicol\u00e1s, Santa Cruz del Rinc\u00f3n y Las Vigas, Guerrero. De acuerdo con&#8230;<\/p>\n","protected":false},"author":1,"featured_media":6320,"comment_status":"closed","ping_status":"open","sticky":false,"template":"","format":"standard","meta":{"_monsterinsights_skip_tracking":false,"_monsterinsights_sitenote_active":false,"_monsterinsights_sitenote_note":"","_monsterinsights_sitenote_category":0,"footnotes":""},"categories":[3],"tags":[],"class_list":["post-6319","post","type-post","status-publish","format-standard","has-post-thumbnail","hentry","category-boletin"],"aioseo_notices":[],"_links":{"self":[{"href":"https:\/\/congresogro.gob.mx\/63\/inicio\/wp-json\/wp\/v2\/posts\/6319","targetHints":{"allow":["GET"]}}],"collection":[{"href":"https:\/\/congresogro.gob.mx\/63\/inicio\/wp-json\/wp\/v2\/posts"}],"about":[{"href":"https:\/\/congresogro.gob.mx\/63\/inicio\/wp-json\/wp\/v2\/types\/post"}],"author":[{"embeddable":true,"href":"https:\/\/congresogro.gob.mx\/63\/inicio\/wp-json\/wp\/v2\/users\/1"}],"replies":[{"embeddable":true,"href":"https:\/\/congresogro.gob.mx\/63\/inicio\/wp-json\/wp\/v2\/comments?post=6319"}],"version-history":[{"count":1,"href":"https:\/\/congresogro.gob.mx\/63\/inicio\/wp-json\/wp\/v2\/posts\/6319\/revisions"}],"predecessor-version":[{"id":6321,"href":"https:\/\/congresogro.gob.mx\/63\/inicio\/wp-json\/wp\/v2\/posts\/6319\/revisions\/6321"}],"wp:featuredmedia":[{"embeddable":true,"href":"https:\/\/congresogro.gob.mx\/63\/inicio\/wp-json\/wp\/v2\/media\/6320"}],"wp:attachment":[{"href":"https:\/\/congresogro.gob.mx\/63\/inicio\/wp-json\/wp\/v2\/media?parent=6319"}],"wp:term":[{"taxonomy":"category","embeddable":true,"href":"https:\/\/congresogro.gob.mx\/63\/inicio\/wp-json\/wp\/v2\/categories?post=6319"},{"taxonomy":"post_tag","embeddable":true,"href":"https:\/\/congresogro.gob.mx\/63\/inicio\/wp-json\/wp\/v2\/tags?post=6319"}],"curies":[{"name":"wp","href":"https:\/\/api.w.org\/{rel}","templated":true}]}}