{"id":6316,"date":"2023-02-16T20:33:27","date_gmt":"2023-02-17T02:33:27","guid":{"rendered":"https:\/\/congresogro.gob.mx\/63\/inicio\/?p=6316"},"modified":"2023-02-16T20:33:27","modified_gmt":"2023-02-17T02:33:27","slug":"proponen-otorgar-pension-alimenticia-a-mujeres-que-terminan-un-concubinato","status":"publish","type":"post","link":"https:\/\/congresogro.gob.mx\/63\/inicio\/2023\/02\/16\/proponen-otorgar-pension-alimenticia-a-mujeres-que-terminan-un-concubinato\/","title":{"rendered":"PROPONEN OTORGAR PENSI\u00d3N ALIMENTICIA  A MUJERES QUE TERMINAN UN CONCUBINATO"},"content":{"rendered":"<p style=\"text-align: justify;\"><strong>Chilpancingo, Gro., a 16 de febrero de 2023.-<\/strong> El diputado Bernardo Ortega Jim\u00e9nez (PRD) present\u00f3 una iniciativa de adici\u00f3n al C\u00f3digo Civil del Estado de Guerrero para que en casos de terminaci\u00f3n de concubinato, si la mujer carece de ingresos econ\u00f3micos para su sostenimiento, tenga derecho a una pensi\u00f3n alimenticia por un tiempo igual al que haya durado la relaci\u00f3n.<\/p>\n<p style=\"text-align: justify;\">Al exponer los motivos de su iniciativa, el legislador integrante del Grupo Parlamentario del PRD expuso que, si bien es cierto el matrimonio y el concubinato tienen sus particularidades, existe un principio de igualdad constitucional que impide que se hagan tratos diferenciados.<\/p>\n<p style=\"text-align: justify;\">Abund\u00f3 que, sin embargo, por cuanto hace al tema de los derechos humanos que encierra el concepto de familia mediante la figura de concubinato, debido a que la literalidad de la ley se\u00f1ala bajo la protecci\u00f3n constitucional solamente al matrimonio, omitiendo la integraci\u00f3n en la norma de los derechos que se generan en una relaci\u00f3n de hecho, como el concubinato.<\/p>\n<p style=\"text-align: justify;\">En ese tenor, el legislador consider\u00f3 de suma relevancia que nuestras normas constitucionales se extiendan al \u00e1mbito civil, hasta alcanzar todo lo que a la literalidad no se contempla, a fin de que aquellas mujeres que se encuentran en una relaci\u00f3n de concubinato, y que por diversas razones den por terminada la relaci\u00f3n, tengan la posibilidad de ejercer el derecho humano a los alimentos por un tiempo igual al que haya durado la relaci\u00f3n, siempre y cuando ella carezca de los ingresos econ\u00f3micos necesarios, y con independencia del derecho a los alimentos de las y los hijos que hayan nacido durante la relaci\u00f3n.<\/p>\n<p style=\"text-align: justify;\">Ortega Jim\u00e9nez refiri\u00f3 que, con lo anterior, se estar\u00e1 atendiendo una problem\u00e1tica hist\u00f3rica, lo que hace 30 a\u00f1os era impensable, dando un paso m\u00e1s en la creaci\u00f3n de normas acordes a los tiempos que se viven.<\/p>\n<p style=\"text-align: justify;\">Esta propuesta de adici\u00f3n de un art\u00edculo 494 Bis 2 al C\u00f3digo Civil el estado fue turnada a la Comisi\u00f3n de Justicia, para su correspondiente an\u00e1lisis y dictaminaci\u00f3n.<\/p>\n<p style=\"text-align: justify;\">\n<p style=\"text-align: justify;\"><strong>Iniciativas<\/strong><\/p>\n<p style=\"text-align: justify;\">La diputada Jessica Alejo Rayo present\u00f3 una iniciativa de reforma a la Ley de Acceso de las Mujeres a una Vida Libre de Violencia para incluir la violencia simb\u00f3lica, defini\u00e9ndola como toda acci\u00f3n u omisi\u00f3n que reproduce y transmite patrones socioculturales y estereotipados establecidos en funci\u00f3n del sexo, lo que trae como consecuencia desigualdad, discriminaci\u00f3n y subordinaci\u00f3n.<\/p>\n<p style=\"text-align: justify;\">Por su parte, la Mesa Directiva dio lectura a un oficio signado por el diputado Marco Tulio S\u00e1nchez Alarc\u00f3n por el que remite la iniciativa de reforma al C\u00f3digo Penal del Estado para establecer dentro del marco normativo a los animales como seres sintientes, a efecto de que sus derechos sean considerados, y se les brinde un trato digno y respetuoso.<\/p>\n<p style=\"text-align: justify;\">\n<p style=\"text-align: justify;\"><strong>Dict\u00e1menes<\/strong><\/p>\n<p style=\"text-align: justify;\">La Comisi\u00f3n Permanente del Congreso del Estado aprob\u00f3 la licencia de Mario Figueroa Mundo, presidente de Taxco de Alarc\u00f3n, para ausentarse del municipio y del pa\u00eds del 15 al 23 de enero de 2023, y la licencia por tiempo indefinido a Yesenia Landa Botello para separarse del cargo y funciones de s\u00edndica procuradora del municipio de Buenavista de Cu\u00e9llar, a partir del 1 de enero de 2023.<\/p>\n<p style=\"text-align: justify;\">Asimismo, se aprob\u00f3 la incorporaci\u00f3n de Ma. Elizabeth Gallardo Morales al cargo y funciones de regidora del Ayuntamiento de Tecoanapa, y la renuncia de Gilberto Abarca Ojeda al derecho de asumir el cargo y funciones de presidente del Ayuntamiento de Tecpan de Galeana, entre otros dict\u00e1menes de la Comisi\u00f3n de Asuntos Pol\u00edticos y Gobernaci\u00f3n.<\/p>\n<p style=\"text-align: justify;\">\n<p style=\"text-align: justify;\"><strong>Intervenciones<\/strong><\/p>\n<p style=\"text-align: justify;\">El diputado Bernardo Ortega Jim\u00e9nez (PRD) intervino en relaci\u00f3n con el aumento al costo de peaje en las autopistas y su impacto en la econom\u00eda familiar, principalmente en aquellas familias que viven en pobreza y pobreza extrema.<\/p>\n<p style=\"text-align: justify;\">Con el mismo tema particip\u00f3 la diputada Gabriela Bernal Res\u00e9ndiz (PRI), indicando que este hecho representa un duro golpe para la econom\u00eda de los guerrerenses, al ser el turismo la principal fuente de ingresos para Acapulco, y que a nivel nacional aporta poco m\u00e1s del 8% del Producto Interno Bruto (PIB), con 1,113 billones de pesos al a\u00f1o.<\/p>\n<p style=\"text-align: justify;\">Debatieron en relaci\u00f3n con el asunto las diputadas Jessica Alejo Rayo, Leticia Castro Ortiz, Ang\u00e9lica Espinoza Garc\u00eda y el diputado Masedonio Mendoza Basurto (Morena).<\/p>\n<p style=\"text-align: justify;\">Por \u00faltimo, el diputado Mendoza Basurto particip\u00f3 con el tema \u201cLa radio y su aportaci\u00f3n al mundo\u201d, recordando que el mundo entero rinde homenaje a este importante medio que hace llegar informaci\u00f3n y entretenimiento hasta los rincones m\u00e1s remotos.<\/p>\n","protected":false},"excerpt":{"rendered":"<p>Chilpancingo, Gro., a 16 de febrero de 2023.- El diputado Bernardo Ortega Jim\u00e9nez (PRD) present\u00f3 una iniciativa de adici\u00f3n al C\u00f3digo Civil del Estado de Guerrero para que en casos de terminaci\u00f3n de concubinato, si la mujer carece de ingresos econ\u00f3micos para su sostenimiento, tenga derecho a una pensi\u00f3n alimenticia por un tiempo igual al&#8230;<\/p>\n","protected":false},"author":1,"featured_media":6317,"comment_status":"closed","ping_status":"open","sticky":false,"template":"","format":"standard","meta":{"_monsterinsights_skip_tracking":false,"_monsterinsights_sitenote_active":false,"_monsterinsights_sitenote_note":"","_monsterinsights_sitenote_category":0,"footnotes":""},"categories":[29,3],"tags":[],"class_list":["post-6316","post","type-post","status-publish","format-standard","has-post-thumbnail","hentry","category-bernardo-ortega-jimenez","category-boletin"],"aioseo_notices":[],"_links":{"self":[{"href":"https:\/\/congresogro.gob.mx\/63\/inicio\/wp-json\/wp\/v2\/posts\/6316","targetHints":{"allow":["GET"]}}],"collection":[{"href":"https:\/\/congresogro.gob.mx\/63\/inicio\/wp-json\/wp\/v2\/posts"}],"about":[{"href":"https:\/\/congresogro.gob.mx\/63\/inicio\/wp-json\/wp\/v2\/types\/post"}],"author":[{"embeddable":true,"href":"https:\/\/congresogro.gob.mx\/63\/inicio\/wp-json\/wp\/v2\/users\/1"}],"replies":[{"embeddable":true,"href":"https:\/\/congresogro.gob.mx\/63\/inicio\/wp-json\/wp\/v2\/comments?post=6316"}],"version-history":[{"count":1,"href":"https:\/\/congresogro.gob.mx\/63\/inicio\/wp-json\/wp\/v2\/posts\/6316\/revisions"}],"predecessor-version":[{"id":6318,"href":"https:\/\/congresogro.gob.mx\/63\/inicio\/wp-json\/wp\/v2\/posts\/6316\/revisions\/6318"}],"wp:featuredmedia":[{"embeddable":true,"href":"https:\/\/congresogro.gob.mx\/63\/inicio\/wp-json\/wp\/v2\/media\/6317"}],"wp:attachment":[{"href":"https:\/\/congresogro.gob.mx\/63\/inicio\/wp-json\/wp\/v2\/media?parent=6316"}],"wp:term":[{"taxonomy":"category","embeddable":true,"href":"https:\/\/congresogro.gob.mx\/63\/inicio\/wp-json\/wp\/v2\/categories?post=6316"},{"taxonomy":"post_tag","embeddable":true,"href":"https:\/\/congresogro.gob.mx\/63\/inicio\/wp-json\/wp\/v2\/tags?post=6316"}],"curies":[{"name":"wp","href":"https:\/\/api.w.org\/{rel}","templated":true}]}}