{"id":6301,"date":"2023-02-15T09:19:08","date_gmt":"2023-02-15T15:19:08","guid":{"rendered":"https:\/\/congresogro.gob.mx\/63\/inicio\/?p=6301"},"modified":"2023-02-15T09:19:08","modified_gmt":"2023-02-15T15:19:08","slug":"asisten-legisladoras-y-legislador-de-guerrero-a-ceremonia-por-el-192-aniversario-de-la-muerte-del-general-vicente-guerrero-en-oaxaca","status":"publish","type":"post","link":"https:\/\/congresogro.gob.mx\/63\/inicio\/2023\/02\/15\/asisten-legisladoras-y-legislador-de-guerrero-a-ceremonia-por-el-192-aniversario-de-la-muerte-del-general-vicente-guerrero-en-oaxaca\/","title":{"rendered":"ASISTEN LEGISLADORAS Y LEGISLADOR DE GUERRERO A CEREMONIA POR EL 192 ANIVERSARIO DE LA MUERTE DEL GENERAL VICENTE GUERRERO, EN OAXACA"},"content":{"rendered":"<p style=\"text-align: justify;\"><strong>Cuil\u00e1pam de Guerrero, Oaxaca, 14 de febrero de 2023<\/strong>.- La presidenta de la Mesa Directiva del Congreso del Estado, diputada Yanelly Hern\u00e1ndez Mart\u00ednez, resalt\u00f3 que el General Vicente Guerrero fue el aut\u00e9ntico consumador de la Independencia de M\u00e9xico que se caracteriz\u00f3 por su enorme determinaci\u00f3n para lograr la consolidaci\u00f3n de la soberan\u00eda nacional y la constituci\u00f3n del Estado federal, as\u00ed como la erradicaci\u00f3n de la esclavitud, el despojo, la marginaci\u00f3n y la desigualdad social en nuestro pa\u00eds.<\/p>\n<p><img loading=\"lazy\" decoding=\"async\" class=\"size-medium wp-image-6303 alignleft\" src=\"https:\/\/congresogro.gob.mx\/63\/inicio\/wp-content\/uploads\/2023\/02\/192-ANIV-GUERRRERO-BOL-056-1-640x782.jpeg\" alt=\"\" width=\"640\" height=\"782\" srcset=\"https:\/\/congresogro.gob.mx\/63\/inicio\/wp-content\/uploads\/2023\/02\/192-ANIV-GUERRRERO-BOL-056-1-640x782.jpeg 640w, https:\/\/congresogro.gob.mx\/63\/inicio\/wp-content\/uploads\/2023\/02\/192-ANIV-GUERRRERO-BOL-056-1-768x938.jpeg 768w, https:\/\/congresogro.gob.mx\/63\/inicio\/wp-content\/uploads\/2023\/02\/192-ANIV-GUERRRERO-BOL-056-1-320x391.jpeg 320w, https:\/\/congresogro.gob.mx\/63\/inicio\/wp-content\/uploads\/2023\/02\/192-ANIV-GUERRRERO-BOL-056-1.jpeg 853w\" sizes=\"auto, (max-width: 640px) 100vw, 640px\" \/><\/p>\n<p style=\"text-align: justify;\">Lo anterior al dar un mensaje a nombre de la LXIII Legislatura de Guerrero durante la ceremonia c\u00edvica con motivo del 192 aniversario luctuoso del General Vicente Guerrero Salda\u00f1a, en el municipio de Cuil\u00e1pam de Guerrero, Oaxaca, sitio donde el gran insurgente fuera fusilado el 14 de febrero de 1831.<\/p>\n<p style=\"text-align: justify;\">\u201cEs un verdadero orgullo y timbre de honor asistir a tan importante evento, acompa\u00f1ada de mis compa\u00f1eras diputadas Leticia Castro Ortiz, Gabriela Bernal Res\u00e9ndiz, Paola Ju\u00e1rez G\u00f3mez y el diputado Osbaldo R\u00edos Manrique, en representaci\u00f3n de una entidad con historia de lucha y tradici\u00f3n, de gente que es ejemplo del sentimiento y orgullo nacional\u201d, manifest\u00f3.<\/p>\n<p style=\"text-align: justify;\">La legisladora resalt\u00f3 tambi\u00e9n que el General Vicente Guerrero luch\u00f3 con decoro y honor hasta derrotar al ej\u00e9rcito espa\u00f1ol y lograr una naci\u00f3n de hombres libres con pleno ejercicio de sus derechos y acceso a las oportunidades que todo ser humano aspira, y ya siendo presidente de la Rep\u00fablica, mediante decreto, consolid\u00f3 la abolici\u00f3n de la esclavitud.<\/p>\n<p style=\"text-align: justify;\">Extern\u00f3 que la lucha que emprendi\u00f3 Vicente Guerrero es un hecho hist\u00f3rico que no debe pasar desapercibido, sino por el contrario, debe ser un referente de lucha para hacer frente a grandes calamidades que enfrentan las mexicanas y mexicanos, y continuar trabajando contra la erradicaci\u00f3n de todo tipo de discriminaci\u00f3n, la marginaci\u00f3n y las desigualdades.<\/p>\n<p style=\"text-align: justify;\">Ante ello, indic\u00f3 que a Guerrero y Oaxaca no solo los une la geograf\u00eda y cultura, sino tambi\u00e9n la historia. \u201cComo pueblos hermanos representamos el nuevo horizonte para el sur; y como un claro ejemplo de esto, conmemoramos la muerte y figura de un gran hombre, s\u00edmbolo de unidad y lucha nacional\u201d, exclam\u00f3.<\/p>\n<p style=\"text-align: justify;\">Participaron en el evento el gobernador de Oaxaca, Salom\u00f3n Jara Cruz; el presidente y presidenta de la Junta de Coordinaci\u00f3n Pol\u00edtica y de la Mesa Directiva de la LXV Legislatura oaxaque\u00f1a, diputado Luis Alfonso Silva Romo y diputada M\u00edriam de los \u00c1ngeles V\u00e1zquez Ruiz, as\u00ed como el presidente municipal de Tixtla, Guerrero, Mois\u00e9s Antonio Gonz\u00e1lez Caba\u00f1as, entre otros.<\/p>\n","protected":false},"excerpt":{"rendered":"<p>Cuil\u00e1pam de Guerrero, Oaxaca, 14 de febrero de 2023.- La presidenta de la Mesa Directiva del Congreso del Estado, diputada Yanelly Hern\u00e1ndez Mart\u00ednez, resalt\u00f3 que el General Vicente Guerrero fue el aut\u00e9ntico consumador de la Independencia de M\u00e9xico que se caracteriz\u00f3 por su enorme determinaci\u00f3n para lograr la consolidaci\u00f3n de la soberan\u00eda nacional y la&#8230;<\/p>\n","protected":false},"author":1,"featured_media":6302,"comment_status":"closed","ping_status":"open","sticky":false,"template":"","format":"standard","meta":{"_monsterinsights_skip_tracking":false,"_monsterinsights_sitenote_active":false,"_monsterinsights_sitenote_note":"","_monsterinsights_sitenote_category":0,"footnotes":""},"categories":[3],"tags":[],"class_list":["post-6301","post","type-post","status-publish","format-standard","has-post-thumbnail","hentry","category-boletin"],"aioseo_notices":[],"_links":{"self":[{"href":"https:\/\/congresogro.gob.mx\/63\/inicio\/wp-json\/wp\/v2\/posts\/6301","targetHints":{"allow":["GET"]}}],"collection":[{"href":"https:\/\/congresogro.gob.mx\/63\/inicio\/wp-json\/wp\/v2\/posts"}],"about":[{"href":"https:\/\/congresogro.gob.mx\/63\/inicio\/wp-json\/wp\/v2\/types\/post"}],"author":[{"embeddable":true,"href":"https:\/\/congresogro.gob.mx\/63\/inicio\/wp-json\/wp\/v2\/users\/1"}],"replies":[{"embeddable":true,"href":"https:\/\/congresogro.gob.mx\/63\/inicio\/wp-json\/wp\/v2\/comments?post=6301"}],"version-history":[{"count":1,"href":"https:\/\/congresogro.gob.mx\/63\/inicio\/wp-json\/wp\/v2\/posts\/6301\/revisions"}],"predecessor-version":[{"id":6304,"href":"https:\/\/congresogro.gob.mx\/63\/inicio\/wp-json\/wp\/v2\/posts\/6301\/revisions\/6304"}],"wp:featuredmedia":[{"embeddable":true,"href":"https:\/\/congresogro.gob.mx\/63\/inicio\/wp-json\/wp\/v2\/media\/6302"}],"wp:attachment":[{"href":"https:\/\/congresogro.gob.mx\/63\/inicio\/wp-json\/wp\/v2\/media?parent=6301"}],"wp:term":[{"taxonomy":"category","embeddable":true,"href":"https:\/\/congresogro.gob.mx\/63\/inicio\/wp-json\/wp\/v2\/categories?post=6301"},{"taxonomy":"post_tag","embeddable":true,"href":"https:\/\/congresogro.gob.mx\/63\/inicio\/wp-json\/wp\/v2\/tags?post=6301"}],"curies":[{"name":"wp","href":"https:\/\/api.w.org\/{rel}","templated":true}]}}