{"id":630,"date":"2021-10-03T13:57:06","date_gmt":"2021-10-03T13:57:06","guid":{"rendered":"https:\/\/congresogro.gob.mx\/63\/inicio\/?p=630"},"modified":"2021-10-04T14:55:58","modified_gmt":"2021-10-04T14:55:58","slug":"pide-diputada-a-la-fiscalia-general-resolver-caso-de-accidente-que-involucra-a-estudiantes-de-ayotzinapa","status":"publish","type":"post","link":"https:\/\/congresogro.gob.mx\/63\/inicio\/2021\/10\/03\/pide-diputada-a-la-fiscalia-general-resolver-caso-de-accidente-que-involucra-a-estudiantes-de-ayotzinapa\/","title":{"rendered":"PIDE DIPUTADA A LA FISCAL\u00cdA GENERAL RESOLVER CASO DE ACCIDENTE QUE INVOLUCRA A ESTUDIANTES DE AYOTZINAPA"},"content":{"rendered":"<p style=\"text-align: justify;\"><strong>Chilpancingo, Gro., 03 de octubre de 2021.- <\/strong>La diputada Mar\u00eda Flores Maldonado solicit\u00f3 a la Fiscal\u00eda General del Estado realizar la investigaci\u00f3n correspondiente para aclarar los hechos ocurridos en el libramiento a Tixtla el pasado 17 de septiembre, donde se se\u00f1ala a alumnos de la Normal Rural \u201cRa\u00fal Isidro Burgos\u201d de Ayotzinapa como responsables del fallecimiento de una pareja que circulaba en auto por el trayecto.<\/p>\n<p style=\"text-align: justify;\">Asimismo, pidi\u00f3 a las autoridades competentes propiciar el dialogo y evitar discursos de odio, linchamiento y criminalizaci\u00f3n hacia los estudiantes de dicha normal.<\/p>\n<p style=\"text-align: justify;\">En su intervenci\u00f3n desde tribuna, la legisladora manifest\u00f3 que algunos estudiantes fueron se\u00f1alados como presuntos responsables del delito de homicidio agravado en contra de dos personas, por ello, dijo que es necesario que la Fiscal\u00eda General del Estado realice las investigaciones correspondientes para conocer la verdad de los acontecimientos y conocer puntual y responsablemente que ocurri\u00f3 en ese lugar, sancionando a los responsables.<\/p>\n<p style=\"text-align: justify;\">Puntualiz\u00f3 que \u201cla tarea aqu\u00ed es intentar conciliar con nuestra intervenci\u00f3n y gesti\u00f3n social el c\u00famulo de intereses en torno a sectores sociales que, teniendo o no la raz\u00f3n, deben ser reconvenidos al di\u00e1logo, y entender o reencauzar su lucha o las razones de su actuaci\u00f3n.\u201d<\/p>\n<p style=\"text-align: justify;\">La diputada se pronunci\u00f3 por que las autoridades competentes esclarezcan los hechos sin criminalizar a priori a los estudiantes de esa escuela, generando un discurso de odio y linchamiento contra ellos, cuando no hay una resoluci\u00f3n que los declare responsables.<\/p>\n","protected":false},"excerpt":{"rendered":"<p>Chilpancingo, Gro., 03 de octubre de 2021.- La diputada Mar\u00eda Flores Maldonado solicit\u00f3 a la Fiscal\u00eda General del Estado realizar la investigaci\u00f3n correspondiente para aclarar los hechos ocurridos en el libramiento a Tixtla el pasado 17 de septiembre, donde se se\u00f1ala a alumnos de la Normal Rural \u201cRa\u00fal Isidro Burgos\u201d de Ayotzinapa como responsables del&#8230;<\/p>\n","protected":false},"author":1,"featured_media":631,"comment_status":"closed","ping_status":"open","sticky":false,"template":"","format":"standard","meta":{"_monsterinsights_skip_tracking":false,"_monsterinsights_sitenote_active":false,"_monsterinsights_sitenote_note":"","_monsterinsights_sitenote_category":0,"footnotes":""},"categories":[3,28],"tags":[],"class_list":["post-630","post","type-post","status-publish","format-standard","has-post-thumbnail","hentry","category-boletin","category-maria-flores-maldonado"],"aioseo_notices":[],"_links":{"self":[{"href":"https:\/\/congresogro.gob.mx\/63\/inicio\/wp-json\/wp\/v2\/posts\/630","targetHints":{"allow":["GET"]}}],"collection":[{"href":"https:\/\/congresogro.gob.mx\/63\/inicio\/wp-json\/wp\/v2\/posts"}],"about":[{"href":"https:\/\/congresogro.gob.mx\/63\/inicio\/wp-json\/wp\/v2\/types\/post"}],"author":[{"embeddable":true,"href":"https:\/\/congresogro.gob.mx\/63\/inicio\/wp-json\/wp\/v2\/users\/1"}],"replies":[{"embeddable":true,"href":"https:\/\/congresogro.gob.mx\/63\/inicio\/wp-json\/wp\/v2\/comments?post=630"}],"version-history":[{"count":2,"href":"https:\/\/congresogro.gob.mx\/63\/inicio\/wp-json\/wp\/v2\/posts\/630\/revisions"}],"predecessor-version":[{"id":636,"href":"https:\/\/congresogro.gob.mx\/63\/inicio\/wp-json\/wp\/v2\/posts\/630\/revisions\/636"}],"wp:featuredmedia":[{"embeddable":true,"href":"https:\/\/congresogro.gob.mx\/63\/inicio\/wp-json\/wp\/v2\/media\/631"}],"wp:attachment":[{"href":"https:\/\/congresogro.gob.mx\/63\/inicio\/wp-json\/wp\/v2\/media?parent=630"}],"wp:term":[{"taxonomy":"category","embeddable":true,"href":"https:\/\/congresogro.gob.mx\/63\/inicio\/wp-json\/wp\/v2\/categories?post=630"},{"taxonomy":"post_tag","embeddable":true,"href":"https:\/\/congresogro.gob.mx\/63\/inicio\/wp-json\/wp\/v2\/tags?post=630"}],"curies":[{"name":"wp","href":"https:\/\/api.w.org\/{rel}","templated":true}]}}