{"id":6295,"date":"2023-02-14T14:02:03","date_gmt":"2023-02-14T20:02:03","guid":{"rendered":"https:\/\/congresogro.gob.mx\/63\/inicio\/?p=6295"},"modified":"2023-02-14T14:02:03","modified_gmt":"2023-02-14T20:02:03","slug":"se-normalizan-labores-en-el-congreso-del-estado-levantan-planton-laboral","status":"publish","type":"post","link":"https:\/\/congresogro.gob.mx\/63\/inicio\/2023\/02\/14\/se-normalizan-labores-en-el-congreso-del-estado-levantan-planton-laboral\/","title":{"rendered":"SE NORMALIZAN LABORES EN EL CONGRESO DEL ESTADO; LEVANTAN PLANT\u00d3N LABORAL"},"content":{"rendered":"<p style=\"text-align: justify;\"><strong>Chilpancingo, Gro., 14 de febrero de 2023.- <\/strong>Este martes fue liberado el acceso al Congreso del Estado y los trabajadores del sindicato independiente dieron por culminado el paro laboral, con lo que diputadas, diputados, trabajadoras y trabajadores retomaron sus actividades cotidianas.<\/p>\n<p style=\"text-align: justify;\">Poco antes de las 9:00 de la ma\u00f1ana, el secretario de Servicios Financieros y Administrativos de la instituci\u00f3n, Andr\u00e9s Rosendo Orozco Pintos; la subdirectora de Recursos Humanos, Juanita Avil\u00e9s Rodr\u00edguez y el encargado del \u00d3rgano Interno de Control, Ederht Oyorz\u00e1bal D\u00edaz, abrieron las instalaciones del Congreso e hicieron un recorrido para verificar que todo estuviera en orden.<\/p>\n<p style=\"text-align: justify;\">Lo anterior, luego de que integrantes del Sindicato Sentimientos de la Naci\u00f3n aceptaron instalar una mesa el di\u00e1logo para analizar sus demandas, con lo cual dieron por terminado su movimiento.<\/p>\n<p style=\"text-align: justify;\">Este lunes, el secretario de Servicios Financieros y Administrativos y el notario n\u00famero 2 de Chilpancingo, Emilio Ortiz Uribe, notificaron a los paristas que el Tribunal de Conciliaci\u00f3n y Arbitraje no tiene registro de alg\u00fan emplazamiento a huelga, por lo que ese paro laboral era ilegal y deb\u00edan liberar las instalaciones.<\/p>\n<p style=\"text-align: justify;\">Las y los trabajadores accedieron a liberar el recinto luego de que la presidenta de la Junta de Coordinaci\u00f3n Pol\u00edtica, diputada Yoloczin Dom\u00ednguez Serna, a trav\u00e9s del citado funcionario, los convoc\u00f3 a un di\u00e1logo 24 horas despu\u00e9s de dicha entrega.<\/p>\n<p style=\"text-align: justify;\">Asimismo, se reiter\u00f3 la disposici\u00f3n del Congreso del Estado al di\u00e1logo institucional y el irrestricto respeto de la instituci\u00f3n, as\u00ed como a los derechos laborales de las y los trabajadores.<\/p>\n","protected":false},"excerpt":{"rendered":"<p>Chilpancingo, Gro., 14 de febrero de 2023.- Este martes fue liberado el acceso al Congreso del Estado y los trabajadores del sindicato independiente dieron por culminado el paro laboral, con lo que diputadas, diputados, trabajadoras y trabajadores retomaron sus actividades cotidianas. Poco antes de las 9:00 de la ma\u00f1ana, el secretario de Servicios Financieros y&#8230;<\/p>\n","protected":false},"author":1,"featured_media":6296,"comment_status":"closed","ping_status":"open","sticky":false,"template":"","format":"standard","meta":{"_monsterinsights_skip_tracking":false,"_monsterinsights_sitenote_active":false,"_monsterinsights_sitenote_note":"","_monsterinsights_sitenote_category":0,"footnotes":""},"categories":[3],"tags":[],"class_list":["post-6295","post","type-post","status-publish","format-standard","has-post-thumbnail","hentry","category-boletin"],"aioseo_notices":[],"_links":{"self":[{"href":"https:\/\/congresogro.gob.mx\/63\/inicio\/wp-json\/wp\/v2\/posts\/6295","targetHints":{"allow":["GET"]}}],"collection":[{"href":"https:\/\/congresogro.gob.mx\/63\/inicio\/wp-json\/wp\/v2\/posts"}],"about":[{"href":"https:\/\/congresogro.gob.mx\/63\/inicio\/wp-json\/wp\/v2\/types\/post"}],"author":[{"embeddable":true,"href":"https:\/\/congresogro.gob.mx\/63\/inicio\/wp-json\/wp\/v2\/users\/1"}],"replies":[{"embeddable":true,"href":"https:\/\/congresogro.gob.mx\/63\/inicio\/wp-json\/wp\/v2\/comments?post=6295"}],"version-history":[{"count":1,"href":"https:\/\/congresogro.gob.mx\/63\/inicio\/wp-json\/wp\/v2\/posts\/6295\/revisions"}],"predecessor-version":[{"id":6297,"href":"https:\/\/congresogro.gob.mx\/63\/inicio\/wp-json\/wp\/v2\/posts\/6295\/revisions\/6297"}],"wp:featuredmedia":[{"embeddable":true,"href":"https:\/\/congresogro.gob.mx\/63\/inicio\/wp-json\/wp\/v2\/media\/6296"}],"wp:attachment":[{"href":"https:\/\/congresogro.gob.mx\/63\/inicio\/wp-json\/wp\/v2\/media?parent=6295"}],"wp:term":[{"taxonomy":"category","embeddable":true,"href":"https:\/\/congresogro.gob.mx\/63\/inicio\/wp-json\/wp\/v2\/categories?post=6295"},{"taxonomy":"post_tag","embeddable":true,"href":"https:\/\/congresogro.gob.mx\/63\/inicio\/wp-json\/wp\/v2\/tags?post=6295"}],"curies":[{"name":"wp","href":"https:\/\/api.w.org\/{rel}","templated":true}]}}