{"id":6291,"date":"2023-02-13T19:24:46","date_gmt":"2023-02-14T01:24:46","guid":{"rendered":"https:\/\/congresogro.gob.mx\/63\/inicio\/?p=6291"},"modified":"2023-02-13T19:24:46","modified_gmt":"2023-02-14T01:24:46","slug":"notifican-a-paristas-del-congreso-resolucion-del-tribunal-sobre-la-inexistencia-de-emplazamiento-a-huelga-deberan-liberar-las-instalaciones","status":"publish","type":"post","link":"https:\/\/congresogro.gob.mx\/63\/inicio\/2023\/02\/13\/notifican-a-paristas-del-congreso-resolucion-del-tribunal-sobre-la-inexistencia-de-emplazamiento-a-huelga-deberan-liberar-las-instalaciones\/","title":{"rendered":"NOTIFICAN A PARISTAS DEL CONGRESO RESOLUCI\u00d3N DEL TRIBUNAL SOBRE LA INEXISTENCIA DE EMPLAZAMIENTO A HUELGA; DEBER\u00c1N LIBERAR LAS INSTALACIONES"},"content":{"rendered":"<p style=\"text-align: justify;\"><strong>Chilpancingo, Gro., 13 de febrero de 2023.- <\/strong>El secretario de Servicios Financieros y Administrativos del Congreso del Estado, Andr\u00e9s Rosendo Orozco Pintos, junto al notario n\u00famero 2 de Chilpancingo, Emilio Ortiz Uribe, notific\u00f3 este lunes a trabajadores de la instituci\u00f3n que tienen tomada la sede legislativa, que el Tribunal de Conciliaci\u00f3n y Arbitraje no tiene registro de alg\u00fan emplazamiento a huelga, por lo cual deber\u00e1n liberar el acceso a las instalaciones en un plazo no mayor a 24 horas, para inmediatamente proceder a la instalaci\u00f3n de una mesa de di\u00e1logo y revisi\u00f3n de sus demandas.<\/p>\n<p style=\"text-align: justify;\">Dicho Tribunal emiti\u00f3 este lunes un acuerdo en ese sentido, tras corroborar en su libro de gobierno que no existe promoci\u00f3n ni emplazamiento a huelga, que no se present\u00f3 escrito petitorio alguno ante el Congreso, no se anunci\u00f3 la intenci\u00f3n de ir a huelga, ni tampoco hubo un estallamiento de la misma.<\/p>\n<p style=\"text-align: justify;\">\u201cT\u00e9ngase al actuario adscrito a este \u00f3rgano laboral, por dando fe, que en este Tribunal Laboral no se present\u00f3 ni existe promoci\u00f3n ni emplazamiento a huelga\u201d por el sindicato en cuesti\u00f3n. Asimismo, se da fe que en el libro de gobierno que lleva la presidencia de este Tribunal no se present\u00f3 escrito petitorio alguno dirigido al H. Congreso del Estado de Guerrero anunciando el prop\u00f3sito de ir a huelga. Por \u00faltimo, dio fe que en el libro de control de ese H. Tribunal no existe escrito alguno de estallamiento de huelga\u201d, establece el acuerdo.<\/p>\n<p style=\"text-align: justify;\">Como consecuencia de lo anterior, la diputada Yoloczin Dom\u00ednguez Serna, presidenta de la Junta de Coordinaci\u00f3n Pol\u00edtica, a trav\u00e9s del secretario de Recursos Financieros y Administrativos, Andr\u00e9s Rosendo Pintos, llam\u00f3 a los trabajadores \u201cque se encuentran de manera ilegal en las instalaciones para que se liberen las mismas\u201d, y los convoc\u00f3 a un di\u00e1logo 24 horas despu\u00e9s de dicha entrega, en las mismas instalaciones del Congreso.<\/p>\n<p style=\"text-align: justify;\">En nombre de la diputada, el secretario expres\u00f3 la disposici\u00f3n al di\u00e1logo institucional y el irrestricto respeto de la instituci\u00f3n a los derechos laborales de las y los trabajadores.<\/p>\n<p style=\"text-align: justify;\">La notificaci\u00f3n se llev\u00f3 cabo en la puerta de acceso principal del Congreso, donde se encuentran los trabajadores en paro con su bandera rojinegra, ante la fe del notario p\u00fablico 2 del Distrito Judicial de Los Bravo, Emilio Ortiz Uribe, y fue recibida por el secretario general del sindicato, Fernando Mart\u00ednez Rom\u00e1n, quien acept\u00f3 la propuesta de di\u00e1logo.<\/p>\n<p style=\"text-align: justify;\">Tras estos hechos, se anunci\u00f3 que este martes se reanudar\u00e1n de manera cotidiana las labores en el Congreso del Estado.<\/p>\n","protected":false},"excerpt":{"rendered":"<p>Chilpancingo, Gro., 13 de febrero de 2023.- El secretario de Servicios Financieros y Administrativos del Congreso del Estado, Andr\u00e9s Rosendo Orozco Pintos, junto al notario n\u00famero 2 de Chilpancingo, Emilio Ortiz Uribe, notific\u00f3 este lunes a trabajadores de la instituci\u00f3n que tienen tomada la sede legislativa, que el Tribunal de Conciliaci\u00f3n y Arbitraje no tiene&#8230;<\/p>\n","protected":false},"author":1,"featured_media":6292,"comment_status":"closed","ping_status":"open","sticky":false,"template":"","format":"standard","meta":{"_monsterinsights_skip_tracking":false,"_monsterinsights_sitenote_active":false,"_monsterinsights_sitenote_note":"","_monsterinsights_sitenote_category":0,"footnotes":""},"categories":[3],"tags":[],"class_list":["post-6291","post","type-post","status-publish","format-standard","has-post-thumbnail","hentry","category-boletin"],"aioseo_notices":[],"_links":{"self":[{"href":"https:\/\/congresogro.gob.mx\/63\/inicio\/wp-json\/wp\/v2\/posts\/6291","targetHints":{"allow":["GET"]}}],"collection":[{"href":"https:\/\/congresogro.gob.mx\/63\/inicio\/wp-json\/wp\/v2\/posts"}],"about":[{"href":"https:\/\/congresogro.gob.mx\/63\/inicio\/wp-json\/wp\/v2\/types\/post"}],"author":[{"embeddable":true,"href":"https:\/\/congresogro.gob.mx\/63\/inicio\/wp-json\/wp\/v2\/users\/1"}],"replies":[{"embeddable":true,"href":"https:\/\/congresogro.gob.mx\/63\/inicio\/wp-json\/wp\/v2\/comments?post=6291"}],"version-history":[{"count":1,"href":"https:\/\/congresogro.gob.mx\/63\/inicio\/wp-json\/wp\/v2\/posts\/6291\/revisions"}],"predecessor-version":[{"id":6293,"href":"https:\/\/congresogro.gob.mx\/63\/inicio\/wp-json\/wp\/v2\/posts\/6291\/revisions\/6293"}],"wp:featuredmedia":[{"embeddable":true,"href":"https:\/\/congresogro.gob.mx\/63\/inicio\/wp-json\/wp\/v2\/media\/6292"}],"wp:attachment":[{"href":"https:\/\/congresogro.gob.mx\/63\/inicio\/wp-json\/wp\/v2\/media?parent=6291"}],"wp:term":[{"taxonomy":"category","embeddable":true,"href":"https:\/\/congresogro.gob.mx\/63\/inicio\/wp-json\/wp\/v2\/categories?post=6291"},{"taxonomy":"post_tag","embeddable":true,"href":"https:\/\/congresogro.gob.mx\/63\/inicio\/wp-json\/wp\/v2\/tags?post=6291"}],"curies":[{"name":"wp","href":"https:\/\/api.w.org\/{rel}","templated":true}]}}