{"id":6264,"date":"2023-02-07T19:53:22","date_gmt":"2023-02-08T01:53:22","guid":{"rendered":"https:\/\/congresogro.gob.mx\/63\/inicio\/?p=6264"},"modified":"2023-02-07T19:53:22","modified_gmt":"2023-02-08T01:53:22","slug":"acciones-del-congreso-se-basan-en-el-dialogo-y-se-apegan-a-la-legalidad-sostiene-diputado-apreza-patron","status":"publish","type":"post","link":"https:\/\/congresogro.gob.mx\/63\/inicio\/2023\/02\/07\/acciones-del-congreso-se-basan-en-el-dialogo-y-se-apegan-a-la-legalidad-sostiene-diputado-apreza-patron\/","title":{"rendered":"ACCIONES DEL CONGRESO SE BASAN EN EL DI\u00c1LOGO Y SE APEGAN A LA LEGALIDAD, SOSTIENE DIPUTADO APREZA PATR\u00d3N"},"content":{"rendered":"<p style=\"text-align: justify;\"><strong>Chilpancingo, Gro., 07 de febrero de 2023<\/strong>.- El diputado H\u00e9ctor Apreza Patr\u00f3n asever\u00f3 que la LXIII Legislatura garantiza un trabajo coordinado, serio, preciso y responsable, fundamentado en el di\u00e1logo y en estricto apego a la legalidad, que ha derivado en el desahogo de importantes asuntos en bien del estado de Guerrero.<\/p>\n<p style=\"text-align: justify;\">En entrevista, el tambi\u00e9n coordinador del Grupo Parlamentario del PRI y secretario de la Junta de Coordinaci\u00f3n Pol\u00edtica adelant\u00f3 que, como parte del compromiso con las y los guerrerenses, esta semana se aprobar\u00e1 un programa urgente de acciones legislativas que ser\u00e1n atendidas durante el Segundo A\u00f1o de Ejercicio Constitucional, entre los que destaca la designaci\u00f3n de titulares de \u00d3rganos Internos de Control de varios organismos aut\u00f3nomos.<\/p>\n<p style=\"text-align: justify;\">Adem\u00e1s, dijo que continuar\u00e1n trabajando en relaci\u00f3n a los nuevos municipios, para lograr la designaci\u00f3n de las y los integrantes de los ayuntamientos instituyentes, para lo cual las diputadas y diputados est\u00e1n realizando un trabajo minucioso, con estricto apego a la Ley y respetando en todo momento la decisi\u00f3n ciudadana.<\/p>\n<p style=\"text-align: justify;\">Subray\u00f3 que este \u00faltimo es un tema que debe tratarse con mucho cuidado, debido a que existen dos impugnaciones ante la Suprema Corte de Justicia de la Naci\u00f3n (SCJN) presentadas por ciudadanas y ciudadanos que se\u00f1alan que no fueron consultados para la creaci\u00f3n de los nuevos municipios, mismas que no han sido resueltas.<\/p>\n<p style=\"text-align: justify;\">En ese sentido, puntualiz\u00f3 que el Congreso del Estado est\u00e1 dando puntual seguimiento al tema a trav\u00e9s de la Comisi\u00f3n de Asuntos Pol\u00edticos y Gobernaci\u00f3n y los Comit\u00e9s Gestores de las nuevas municipalidades, al ser competencia del Poder Legislativo la designaci\u00f3n de las autoridades instituyentes.<\/p>\n<p style=\"text-align: justify;\">\u201cLas diputadas y diputados tenemos que ser muy precisos y plenamente respetuosos de la ley, para que la designaci\u00f3n se realice en los tiempos acordados, dejando a un lado los intereses partidistas y siempre tomando en cuenta las opiniones e intereses mayoritarios de la ciudadan\u00eda\u201d, remarc\u00f3.<\/p>\n","protected":false},"excerpt":{"rendered":"<p>Chilpancingo, Gro., 07 de febrero de 2023.- El diputado H\u00e9ctor Apreza Patr\u00f3n asever\u00f3 que la LXIII Legislatura garantiza un trabajo coordinado, serio, preciso y responsable, fundamentado en el di\u00e1logo y en estricto apego a la legalidad, que ha derivado en el desahogo de importantes asuntos en bien del estado de Guerrero. En entrevista, el tambi\u00e9n&#8230;<\/p>\n","protected":false},"author":1,"featured_media":6265,"comment_status":"closed","ping_status":"open","sticky":false,"template":"","format":"standard","meta":{"_monsterinsights_skip_tracking":false,"_monsterinsights_sitenote_active":false,"_monsterinsights_sitenote_note":"","_monsterinsights_sitenote_category":0,"footnotes":""},"categories":[3,6],"tags":[],"class_list":["post-6264","post","type-post","status-publish","format-standard","has-post-thumbnail","hentry","category-boletin","category-hector-apreza-patron"],"aioseo_notices":[],"_links":{"self":[{"href":"https:\/\/congresogro.gob.mx\/63\/inicio\/wp-json\/wp\/v2\/posts\/6264","targetHints":{"allow":["GET"]}}],"collection":[{"href":"https:\/\/congresogro.gob.mx\/63\/inicio\/wp-json\/wp\/v2\/posts"}],"about":[{"href":"https:\/\/congresogro.gob.mx\/63\/inicio\/wp-json\/wp\/v2\/types\/post"}],"author":[{"embeddable":true,"href":"https:\/\/congresogro.gob.mx\/63\/inicio\/wp-json\/wp\/v2\/users\/1"}],"replies":[{"embeddable":true,"href":"https:\/\/congresogro.gob.mx\/63\/inicio\/wp-json\/wp\/v2\/comments?post=6264"}],"version-history":[{"count":1,"href":"https:\/\/congresogro.gob.mx\/63\/inicio\/wp-json\/wp\/v2\/posts\/6264\/revisions"}],"predecessor-version":[{"id":6266,"href":"https:\/\/congresogro.gob.mx\/63\/inicio\/wp-json\/wp\/v2\/posts\/6264\/revisions\/6266"}],"wp:featuredmedia":[{"embeddable":true,"href":"https:\/\/congresogro.gob.mx\/63\/inicio\/wp-json\/wp\/v2\/media\/6265"}],"wp:attachment":[{"href":"https:\/\/congresogro.gob.mx\/63\/inicio\/wp-json\/wp\/v2\/media?parent=6264"}],"wp:term":[{"taxonomy":"category","embeddable":true,"href":"https:\/\/congresogro.gob.mx\/63\/inicio\/wp-json\/wp\/v2\/categories?post=6264"},{"taxonomy":"post_tag","embeddable":true,"href":"https:\/\/congresogro.gob.mx\/63\/inicio\/wp-json\/wp\/v2\/tags?post=6264"}],"curies":[{"name":"wp","href":"https:\/\/api.w.org\/{rel}","templated":true}]}}