{"id":6258,"date":"2023-02-03T16:29:13","date_gmt":"2023-02-03T22:29:13","guid":{"rendered":"https:\/\/congresogro.gob.mx\/63\/inicio\/?p=6258"},"modified":"2023-02-03T16:29:13","modified_gmt":"2023-02-03T22:29:13","slug":"llama-diputado-mendoza-basurto-a-reinvidicar-la-labor-de-los-apicultores-en-favor-del-medio-ambiente","status":"publish","type":"post","link":"https:\/\/congresogro.gob.mx\/63\/inicio\/2023\/02\/03\/llama-diputado-mendoza-basurto-a-reinvidicar-la-labor-de-los-apicultores-en-favor-del-medio-ambiente\/","title":{"rendered":"LLAMA DIPUTADO MENDOZA BASURTO A REINVIDICAR LA  LABOR DE LOS APICULTORES EN FAVOR DEL MEDIO AMBIENTE"},"content":{"rendered":"<p style=\"text-align: justify;\"><strong>Chilpancingo, Gro., 03 de febrero de 2023<\/strong>.- El diputado Masedonio Mendoza Basurto llam\u00f3 a tomar acciones que reivindiquen el conocimiento de los apicultores guerrerenses en su territorio, y ayudar a resolver su problem\u00e1tica, pues ellos juegan un papel fundamental al momento de tomar medidas para adaptarse a los efectos del cambio clim\u00e1tico y la conservaci\u00f3n del medio ambiente.<\/p>\n<p style=\"text-align: justify;\">Al externar desde tribuna su preocupaci\u00f3n por los efectos adversos del cambio clim\u00e1tico en la polinizaci\u00f3n de la flora ap\u00edcola, lament\u00f3 que esta problem\u00e1tica no haya sido debidamente atendida en los \u00faltimos a\u00f1os, lo que gener\u00f3 ya un decremento considerable en la producci\u00f3n de miel.<\/p>\n<p style=\"text-align: justify;\">El legislador de Morena rese\u00f1\u00f3 que la especie de abejas, por su nombre cient\u00edfico Apis mellifera, representa el valor econ\u00f3mico m\u00e1s importante de la polinizaci\u00f3n de cultivos en todo el mundo, pero ante su decremento, el rendimiento de algunas frutas, semillas y frutos secos est\u00e1 disminuyendo por m\u00e1s del 90 por ciento, lo que representa un riesgo en la disponibilidad de alimentos.<\/p>\n<p style=\"text-align: justify;\">Adem\u00e1s, la mayor\u00eda de los cultivos podr\u00edan experimentar p\u00e9rdidas productivas, debido a las limitaciones de las abejas, ya que son insectos clave a los que se les atribuye m\u00e1s del 25 por ciento de la polinizaci\u00f3n para productos de consumo humano, como frutas, vegetales y otras cosechas.<\/p>\n<p style=\"text-align: justify;\">Por lo anterior, el legislador indic\u00f3 que es m\u00e1s que evidente que las afectaciones a la flora ap\u00edcola se han deteriorado por variantes clim\u00e1ticas y la contaminaci\u00f3n de aire, suelo y agua, que han da\u00f1ado el medio ambiente de forma acelerada y, en consecuencia, ha generado cambios negativos en el desarrollo alimenticio de la poblaci\u00f3n.<\/p>\n<p style=\"text-align: justify;\">En ese sentido, el diputado conmin\u00f3 a sus compa\u00f1eras y compa\u00f1eros de legislatura para que, desde el \u00e1mbito de su competencia, exploren medidas y estrategias de soluci\u00f3n para contrarrestar la problem\u00e1tica en que se encuentran todos los apicultores a causa de los cambios y afectaciones ambientales, con el prop\u00f3sito de garantizar la polinizaci\u00f3n de la flora ap\u00edcola.<\/p>\n","protected":false},"excerpt":{"rendered":"<p>Chilpancingo, Gro., 03 de febrero de 2023.- El diputado Masedonio Mendoza Basurto llam\u00f3 a tomar acciones que reivindiquen el conocimiento de los apicultores guerrerenses en su territorio, y ayudar a resolver su problem\u00e1tica, pues ellos juegan un papel fundamental al momento de tomar medidas para adaptarse a los efectos del cambio clim\u00e1tico y la conservaci\u00f3n&#8230;<\/p>\n","protected":false},"author":1,"featured_media":6259,"comment_status":"closed","ping_status":"open","sticky":false,"template":"","format":"standard","meta":{"_monsterinsights_skip_tracking":false,"_monsterinsights_sitenote_active":false,"_monsterinsights_sitenote_note":"","_monsterinsights_sitenote_category":0,"footnotes":""},"categories":[3,9],"tags":[],"class_list":["post-6258","post","type-post","status-publish","format-standard","has-post-thumbnail","hentry","category-boletin","category-masedonio-mendoza-aburto"],"aioseo_notices":[],"_links":{"self":[{"href":"https:\/\/congresogro.gob.mx\/63\/inicio\/wp-json\/wp\/v2\/posts\/6258","targetHints":{"allow":["GET"]}}],"collection":[{"href":"https:\/\/congresogro.gob.mx\/63\/inicio\/wp-json\/wp\/v2\/posts"}],"about":[{"href":"https:\/\/congresogro.gob.mx\/63\/inicio\/wp-json\/wp\/v2\/types\/post"}],"author":[{"embeddable":true,"href":"https:\/\/congresogro.gob.mx\/63\/inicio\/wp-json\/wp\/v2\/users\/1"}],"replies":[{"embeddable":true,"href":"https:\/\/congresogro.gob.mx\/63\/inicio\/wp-json\/wp\/v2\/comments?post=6258"}],"version-history":[{"count":1,"href":"https:\/\/congresogro.gob.mx\/63\/inicio\/wp-json\/wp\/v2\/posts\/6258\/revisions"}],"predecessor-version":[{"id":6260,"href":"https:\/\/congresogro.gob.mx\/63\/inicio\/wp-json\/wp\/v2\/posts\/6258\/revisions\/6260"}],"wp:featuredmedia":[{"embeddable":true,"href":"https:\/\/congresogro.gob.mx\/63\/inicio\/wp-json\/wp\/v2\/media\/6259"}],"wp:attachment":[{"href":"https:\/\/congresogro.gob.mx\/63\/inicio\/wp-json\/wp\/v2\/media?parent=6258"}],"wp:term":[{"taxonomy":"category","embeddable":true,"href":"https:\/\/congresogro.gob.mx\/63\/inicio\/wp-json\/wp\/v2\/categories?post=6258"},{"taxonomy":"post_tag","embeddable":true,"href":"https:\/\/congresogro.gob.mx\/63\/inicio\/wp-json\/wp\/v2\/tags?post=6258"}],"curies":[{"name":"wp","href":"https:\/\/api.w.org\/{rel}","templated":true}]}}