{"id":6254,"date":"2023-02-03T16:28:11","date_gmt":"2023-02-03T22:28:11","guid":{"rendered":"https:\/\/congresogro.gob.mx\/63\/inicio\/?p=6254"},"modified":"2023-02-03T16:28:11","modified_gmt":"2023-02-03T22:28:11","slug":"analiza-comision-de-salud-del-congreso-el-caso-de-las-vacunas-caducadas","status":"publish","type":"post","link":"https:\/\/congresogro.gob.mx\/63\/inicio\/2023\/02\/03\/analiza-comision-de-salud-del-congreso-el-caso-de-las-vacunas-caducadas\/","title":{"rendered":"ANALIZA COMISI\u00d3N DE SALUD DEL CONGRESO  EL CASO DE LAS VACUNAS CADUCADAS"},"content":{"rendered":"<p style=\"text-align: justify;\"><strong>Chilpancingo, Gro., 03 de febrero de 2023.- <\/strong>La Comisi\u00f3n de Salud del Congreso del Estado analiza un exhorto a los titulares\u00a0 de la Secretar\u00eda de Salud federal, de la Comisi\u00f3n Federal para la Protecci\u00f3n contra Riesgos Sanitarios, al Grupo T\u00e9cnico Asesor para la Vacuna Covid-19 en M\u00e9xico, al delegado de los Programas de Bienestar en Guerrero y a la secretaria estatal de Salud, para que sustituyan las dosis caducadas de vacunas contra Covid-19 distribuidas en Guerrero, ante el riesgo de reacciones secundarias que puedan ser atribuidas al vencimiento del f\u00e1rmaco.<\/p>\n<p style=\"text-align: justify;\">El exhorto que fue propuesto por el diputado Olaguer Hern\u00e1ndez Flores, a nombre de la Comisi\u00f3n de Salud, refiere que el 25 de enero de este a\u00f1o se dio a conocer la recepci\u00f3n de vacunas caducadas para ni\u00f1os de Tierra Caliente, ante lo cual trabajadores del Centro de Salud y de la Cl\u00ednica del ISSSTE de esa ciudad rechazaron su aplicaci\u00f3n.<\/p>\n<p style=\"text-align: justify;\">En ese sentido, el legislador consider\u00f3 importante no minimizar los riesgos que corren los menores al ser inoculados con esos biol\u00f3gicos.<\/p>\n<p style=\"text-align: justify;\">El punto de acuerdo propuesto se\u00f1ala que la Ley General de Salud establece que todas las vacunas e insumos para su aplicaci\u00f3n en seres humanos que se utilicen en el pa\u00eds deber\u00e1n ser de la mayor calidad disponible y cumplir con los requisitos sanitarios necesarios.<\/p>\n<p style=\"text-align: justify;\">Por tales motivos, se propone exhortar al secretario de Salud federal, Jorge Alcocer Varela; al titular de la Comisi\u00f3n Federal para la Protecci\u00f3n contra Riesgos Sanitarios, Alejandro Ernesto Svarch P\u00e9rez; al Grupo T\u00e9cnico Asesor para la Vacuna Covid-19 en M\u00e9xico; al delegado de Bienestar en Guerrero, Iv\u00e1n Hern\u00e1ndez D\u00edaz, y a la secretaria de Salud en Guerrero, Aid\u00e9 Ib\u00e1rez Castro, para que se sustituyan estas dosis de vacunas.<\/p>\n<p style=\"text-align: justify;\">Asimismo, se exhorta a todas estas instancias para que realicen una mejor estrategia de planeaci\u00f3n en la aplicaci\u00f3n de las vacunas contra Covid-19, para evitar poner en riesgo la salud y la vida de los infantes, y en general de toda la poblaci\u00f3n.<\/p>\n","protected":false},"excerpt":{"rendered":"<p>Chilpancingo, Gro., 03 de febrero de 2023.- La Comisi\u00f3n de Salud del Congreso del Estado analiza un exhorto a los titulares\u00a0 de la Secretar\u00eda de Salud federal, de la Comisi\u00f3n Federal para la Protecci\u00f3n contra Riesgos Sanitarios, al Grupo T\u00e9cnico Asesor para la Vacuna Covid-19 en M\u00e9xico, al delegado de los Programas de Bienestar en&#8230;<\/p>\n","protected":false},"author":1,"featured_media":6255,"comment_status":"closed","ping_status":"open","sticky":false,"template":"","format":"standard","meta":{"_monsterinsights_skip_tracking":false,"_monsterinsights_sitenote_active":false,"_monsterinsights_sitenote_note":"","_monsterinsights_sitenote_category":0,"footnotes":""},"categories":[3,47],"tags":[],"class_list":["post-6254","post","type-post","status-publish","format-standard","has-post-thumbnail","hentry","category-boletin","category-olaguer-hernandez-flores"],"aioseo_notices":[],"_links":{"self":[{"href":"https:\/\/congresogro.gob.mx\/63\/inicio\/wp-json\/wp\/v2\/posts\/6254","targetHints":{"allow":["GET"]}}],"collection":[{"href":"https:\/\/congresogro.gob.mx\/63\/inicio\/wp-json\/wp\/v2\/posts"}],"about":[{"href":"https:\/\/congresogro.gob.mx\/63\/inicio\/wp-json\/wp\/v2\/types\/post"}],"author":[{"embeddable":true,"href":"https:\/\/congresogro.gob.mx\/63\/inicio\/wp-json\/wp\/v2\/users\/1"}],"replies":[{"embeddable":true,"href":"https:\/\/congresogro.gob.mx\/63\/inicio\/wp-json\/wp\/v2\/comments?post=6254"}],"version-history":[{"count":2,"href":"https:\/\/congresogro.gob.mx\/63\/inicio\/wp-json\/wp\/v2\/posts\/6254\/revisions"}],"predecessor-version":[{"id":6257,"href":"https:\/\/congresogro.gob.mx\/63\/inicio\/wp-json\/wp\/v2\/posts\/6254\/revisions\/6257"}],"wp:featuredmedia":[{"embeddable":true,"href":"https:\/\/congresogro.gob.mx\/63\/inicio\/wp-json\/wp\/v2\/media\/6255"}],"wp:attachment":[{"href":"https:\/\/congresogro.gob.mx\/63\/inicio\/wp-json\/wp\/v2\/media?parent=6254"}],"wp:term":[{"taxonomy":"category","embeddable":true,"href":"https:\/\/congresogro.gob.mx\/63\/inicio\/wp-json\/wp\/v2\/categories?post=6254"},{"taxonomy":"post_tag","embeddable":true,"href":"https:\/\/congresogro.gob.mx\/63\/inicio\/wp-json\/wp\/v2\/tags?post=6254"}],"curies":[{"name":"wp","href":"https:\/\/api.w.org\/{rel}","templated":true}]}}