{"id":6240,"date":"2023-02-01T20:20:30","date_gmt":"2023-02-02T02:20:30","guid":{"rendered":"https:\/\/congresogro.gob.mx\/63\/inicio\/?p=6240"},"modified":"2023-02-01T20:20:30","modified_gmt":"2023-02-02T02:20:30","slug":"expresan-desde-el-congreso-una-energica-condena-por-el-asesinato-del-nino-bayron","status":"publish","type":"post","link":"https:\/\/congresogro.gob.mx\/63\/inicio\/2023\/02\/01\/expresan-desde-el-congreso-una-energica-condena-por-el-asesinato-del-nino-bayron\/","title":{"rendered":"EXPRESAN DESDE EL CONGRESO UNA EN\u00c9RGICA  CONDENA POR EL ASESINATO DEL NI\u00d1O BAYRON"},"content":{"rendered":"<p style=\"text-align: justify;\"><strong>Chilpancingo, Gro., 01 de febrero de 2023.- <\/strong>La diputada Yoloczin Dom\u00ednguez Serna repudi\u00f3 desde tribuna del Congreso del Estado el asesinato del ni\u00f1o Bayron Omaet, originario de Coyuca de Ben\u00edtez, a manos de su padrastro, perpetrado en fecha reciente en Nuevo Le\u00f3n.<\/p>\n<p style=\"text-align: justify;\">Al respecto, la coordinadora del Grupo Parlamentario de Morena y presidenta de la Junta de Coordinaci\u00f3n Pol\u00edtica demand\u00f3 a las autoridades judiciales que determinen de manera oportuna y ejemplar la culpabilidad y pena contra los responsables, sin dejar resquicio a la tolerancia e impunidad, por tratarse de un atroz acto de violencia contra un ser inocente.<\/p>\n<p style=\"text-align: justify;\">Tambi\u00e9n consider\u00f3 necesario que los distintos poderes del Estado trabajen en conjunto para erradicar todos los tipos de violencia, fundamentalmente hacia la poblaci\u00f3n infantil, reiterando el compromiso de la LXIII Legislatura de seguir trabajando en el fortalecimiento de las leyes locales para la m\u00e1xima protecci\u00f3n de las ni\u00f1as, ni\u00f1os y adolescentes de Guerrero.<\/p>\n<p style=\"text-align: justify;\">Y es que, refiri\u00f3, este asesinato deja al descubierto que la violencia familiar est\u00e1 muy arraigada y presente en la sociedad, aunado al descuido que impera en la ni\u00f1ez y adolescencia del pa\u00eds.<\/p>\n<p style=\"text-align: justify;\">\u201cEste caso no solo nos debe indignar, sino hacer reflexionar sobre qu\u00e9 sociedad estamos formando. Hay leyes que castigan los actos de violencia; hay diversas instancias que son responsables de salvaguardar la seguridad e integridad de la ni\u00f1ez; pero tambi\u00e9n debemos construirnos como personas y ser m\u00e1s emp\u00e1ticas; trabajar en conjunto con las autoridades e instancias para erradicar la violencia intrafamiliar\u201d, abund\u00f3.<\/p>\n<p style=\"text-align: justify;\">A esta condena se sum\u00f3 el diputado H\u00e9ctor Apreza Patr\u00f3n (PRI), quien destac\u00f3 el hecho de que estos temas se aborden invariablemente desde la m\u00e1xima tribuna porque contribuye al fomento del inter\u00e9s superior de la ni\u00f1ez.<\/p>\n<p style=\"text-align: justify;\">Indic\u00f3, asimismo, que este asunto debe ocupar a todas las autoridades, de conformidad con lo que se\u00f1ala la Constituci\u00f3n Pol\u00edtica, que precisa la obligaci\u00f3n del Estado no solo de promover, sino proteger los derechos humanos, m\u00e1xime cuando se trata de la infancia.<\/p>\n<p style=\"text-align: justify;\">El legislador tambi\u00e9n hizo jun llamado a sus hom\u00f3logos para que, m\u00e1s all\u00e1 de visiones partidistas, se logren acuerdos no s\u00f3lo en el \u00e1mbito legislativo, sino con las autoridades, para que siempre est\u00e9 por encima el inter\u00e9s superior de la ni\u00f1ez y garantizar sus derechos fundamentales, ya que son la base del desarrollo de la humanidad.<\/p>\n<p style=\"text-align: justify;\"><strong>\u00a0<\/strong><\/p>\n<p style=\"text-align: justify;\"><strong>Intervenci\u00f3n <\/strong><\/p>\n<p style=\"text-align: justify;\">El diputado Masedonio Mendoza Basurto (Morena) intervino en relaci\u00f3n con los efectos adversos del cambio clim\u00e1tico en la polinizaci\u00f3n de la flora ap\u00edcola, aspecto que no ha sido debidamente atendido en los \u00faltimos a\u00f1os, y que se refleja ya en un decremento considerable en la producci\u00f3n de miel.<\/p>\n<p style=\"text-align: justify;\">En ese sentido, se pronunci\u00f3 por reivindicar el conocimiento de los apicultores guerrerenses en su territorio, y ayudar a resolver su problem\u00e1tica, ya que ellos juegan un papel fundamental al momento de adoptar medidas para adaptarse a los efectos del clima y la conservaci\u00f3n del medio ambiente, para beneficio de la poblaci\u00f3n en general.<\/p>\n","protected":false},"excerpt":{"rendered":"<p>Chilpancingo, Gro., 01 de febrero de 2023.- La diputada Yoloczin Dom\u00ednguez Serna repudi\u00f3 desde tribuna del Congreso del Estado el asesinato del ni\u00f1o Bayron Omaet, originario de Coyuca de Ben\u00edtez, a manos de su padrastro, perpetrado en fecha reciente en Nuevo Le\u00f3n. Al respecto, la coordinadora del Grupo Parlamentario de Morena y presidenta de la&#8230;<\/p>\n","protected":false},"author":1,"featured_media":6241,"comment_status":"closed","ping_status":"open","sticky":false,"template":"","format":"standard","meta":{"_monsterinsights_skip_tracking":false,"_monsterinsights_sitenote_active":false,"_monsterinsights_sitenote_note":"","_monsterinsights_sitenote_category":0,"footnotes":""},"categories":[3,15],"tags":[],"class_list":["post-6240","post","type-post","status-publish","format-standard","has-post-thumbnail","hentry","category-boletin","category-yoloczin-dominguez-serna"],"aioseo_notices":[],"_links":{"self":[{"href":"https:\/\/congresogro.gob.mx\/63\/inicio\/wp-json\/wp\/v2\/posts\/6240","targetHints":{"allow":["GET"]}}],"collection":[{"href":"https:\/\/congresogro.gob.mx\/63\/inicio\/wp-json\/wp\/v2\/posts"}],"about":[{"href":"https:\/\/congresogro.gob.mx\/63\/inicio\/wp-json\/wp\/v2\/types\/post"}],"author":[{"embeddable":true,"href":"https:\/\/congresogro.gob.mx\/63\/inicio\/wp-json\/wp\/v2\/users\/1"}],"replies":[{"embeddable":true,"href":"https:\/\/congresogro.gob.mx\/63\/inicio\/wp-json\/wp\/v2\/comments?post=6240"}],"version-history":[{"count":1,"href":"https:\/\/congresogro.gob.mx\/63\/inicio\/wp-json\/wp\/v2\/posts\/6240\/revisions"}],"predecessor-version":[{"id":6242,"href":"https:\/\/congresogro.gob.mx\/63\/inicio\/wp-json\/wp\/v2\/posts\/6240\/revisions\/6242"}],"wp:featuredmedia":[{"embeddable":true,"href":"https:\/\/congresogro.gob.mx\/63\/inicio\/wp-json\/wp\/v2\/media\/6241"}],"wp:attachment":[{"href":"https:\/\/congresogro.gob.mx\/63\/inicio\/wp-json\/wp\/v2\/media?parent=6240"}],"wp:term":[{"taxonomy":"category","embeddable":true,"href":"https:\/\/congresogro.gob.mx\/63\/inicio\/wp-json\/wp\/v2\/categories?post=6240"},{"taxonomy":"post_tag","embeddable":true,"href":"https:\/\/congresogro.gob.mx\/63\/inicio\/wp-json\/wp\/v2\/tags?post=6240"}],"curies":[{"name":"wp","href":"https:\/\/api.w.org\/{rel}","templated":true}]}}