{"id":6207,"date":"2023-02-01T09:28:53","date_gmt":"2023-02-01T15:28:53","guid":{"rendered":"https:\/\/congresogro.gob.mx\/63\/inicio\/?p=6207"},"modified":"2023-02-01T09:29:24","modified_gmt":"2023-02-01T15:29:24","slug":"llama-diputada-patricia-doroteo-a-armonizar-el-marco-juridico-para-una-mejor-imparticion-de-justicia-laboral","status":"publish","type":"post","link":"https:\/\/congresogro.gob.mx\/63\/inicio\/2023\/02\/01\/llama-diputada-patricia-doroteo-a-armonizar-el-marco-juridico-para-una-mejor-imparticion-de-justicia-laboral\/","title":{"rendered":"LLAMA DIPUTADA PATRICIA DOROTEO A ARMONIZAR EL MARCO JUR\u00cdDICO PARA UNA MEJOR IMPARTICI\u00d3N DE JUSTICIA LABORAL"},"content":{"rendered":"<p style=\"text-align: justify;\"><strong>Chilpancingo, Gro., 31 de enero de 2023<\/strong>.- La diputada Patricia Doroteo Calder\u00f3n se pronunci\u00f3 a favor de que el Congreso del Estado integre una agenda legislativa que permita armonizar el marco jur\u00eddico en materia laboral, conforme a los tiempos actuales, y garantizar con ello una justa y eficaz impartici\u00f3n de justicia.<\/p>\n<p style=\"text-align: justify;\">Al inaugurar la ponencia \u00abDerecho laboral burocr\u00e1tico en el estado de Guerrero\u00bb, impartida por el Dr. Bernardo Ortega Le\u00f3n, como parte de la Semana Jur\u00eddica que se desarrolla en el Poder Legislativo a trav\u00e9s del Instituto de Estudios Parlamentarios Eduardo Neri y la Subsecretar\u00eda de Gobierno, Asuntos Jur\u00eddicos y Derechos Humanos del Gobierno del Estado, la legisladora indic\u00f3 que actividades como esta ayudan a ampliar los conocimientos en materia laboral, \u201cpero conlleva tambi\u00e9n a una mejor interlocuci\u00f3n entre los distintos grupos parlamentarios y representaciones\u201d.<\/p>\n<p style=\"text-align: justify;\">En ese tenor, Doroteo Calder\u00f3n llam\u00f3 a sus hom\u00f3logos de la LXIII Legislatura a acordar la integraci\u00f3n de una agenda com\u00fan con temas de gran calado y acordes a la realidad actual de la clase trabajadora, que coadyuven a una mejor impartici\u00f3n la justicia laboral en la entidad.<\/p>\n<p style=\"text-align: justify;\">Asimismo, celebr\u00f3 y reconoci\u00f3 el esfuerzo de los servidores p\u00fablicos de los Poderes Ejecutivo y Legislativo por organizar y desarrollar la Semana Jur\u00eddica, cuyas ponencias ayudar\u00e1n a reforzar los conocimientos en distintas materias tanto en favor del equipo t\u00e9cnico del Congreso, as\u00ed como de legisladores y legisladoras.<\/p>\n<p style=\"text-align: justify;\">En el desarrollo de su exposici\u00f3n, el expresidente del Tribunal de Conciliaci\u00f3n y Arbitraje del Estado de Guerrero, Dr. Bernardo Ortega Le\u00f3n, resalt\u00f3 la disposici\u00f3n del Congreso del Estado para legislar en materia laboral y garantizar una justa impartici\u00f3n de justicia tanto a trabajadores como a patrones o empresas, conforme lo estipula la ley.<\/p>\n<p style=\"text-align: justify;\">Referente a la problem\u00e1tica de los laudos laborales que tienen los ayuntamientos y que son enviados al Congreso del Estado, el especialista indic\u00f3 que no debe haber vinculaci\u00f3n, y que el tema debe recaer exclusivamente en las administraciones municipales que hicieron la destituci\u00f3n de trabajadores. Ante esto, recomend\u00f3 hacer reformas a las leyes burocr\u00e1ticas o crear una sola ley que plasme medidas m\u00e1s claras y eficientes.<\/p>\n<p style=\"text-align: justify;\">Participaron en el evento los secretarios de Servicios Parlamentarios y de Servicios Financieros y Administrativos del Congreso, Jos\u00e9 Enrique Sol\u00eds R\u00edos y Andr\u00e9s Rosendo Orozco Pintos; Cris\u00f3foro Trujillo Nava, en representaci\u00f3n de la Secci\u00f3n LV del SUSPEG, y el secretario general del Sindicato de Trabajadores Sentimientos de la Naci\u00f3n de esta instituci\u00f3n, Fernando Mart\u00ednez Rom\u00e1n.<\/p>\n","protected":false},"excerpt":{"rendered":"<p>Chilpancingo, Gro., 31 de enero de 2023.- La diputada Patricia Doroteo Calder\u00f3n se pronunci\u00f3 a favor de que el Congreso del Estado integre una agenda legislativa que permita armonizar el marco jur\u00eddico en materia laboral, conforme a los tiempos actuales, y garantizar con ello una justa y eficaz impartici\u00f3n de justicia. Al inaugurar la ponencia&#8230;<\/p>\n","protected":false},"author":1,"featured_media":6208,"comment_status":"closed","ping_status":"open","sticky":false,"template":"","format":"standard","meta":{"_monsterinsights_skip_tracking":false,"_monsterinsights_sitenote_active":false,"_monsterinsights_sitenote_note":"","_monsterinsights_sitenote_category":0,"footnotes":""},"categories":[3,43],"tags":[],"class_list":["post-6207","post","type-post","status-publish","format-standard","has-post-thumbnail","hentry","category-boletin","category-patricia-doroteo-calderon"],"aioseo_notices":[],"_links":{"self":[{"href":"https:\/\/congresogro.gob.mx\/63\/inicio\/wp-json\/wp\/v2\/posts\/6207","targetHints":{"allow":["GET"]}}],"collection":[{"href":"https:\/\/congresogro.gob.mx\/63\/inicio\/wp-json\/wp\/v2\/posts"}],"about":[{"href":"https:\/\/congresogro.gob.mx\/63\/inicio\/wp-json\/wp\/v2\/types\/post"}],"author":[{"embeddable":true,"href":"https:\/\/congresogro.gob.mx\/63\/inicio\/wp-json\/wp\/v2\/users\/1"}],"replies":[{"embeddable":true,"href":"https:\/\/congresogro.gob.mx\/63\/inicio\/wp-json\/wp\/v2\/comments?post=6207"}],"version-history":[{"count":1,"href":"https:\/\/congresogro.gob.mx\/63\/inicio\/wp-json\/wp\/v2\/posts\/6207\/revisions"}],"predecessor-version":[{"id":6209,"href":"https:\/\/congresogro.gob.mx\/63\/inicio\/wp-json\/wp\/v2\/posts\/6207\/revisions\/6209"}],"wp:featuredmedia":[{"embeddable":true,"href":"https:\/\/congresogro.gob.mx\/63\/inicio\/wp-json\/wp\/v2\/media\/6208"}],"wp:attachment":[{"href":"https:\/\/congresogro.gob.mx\/63\/inicio\/wp-json\/wp\/v2\/media?parent=6207"}],"wp:term":[{"taxonomy":"category","embeddable":true,"href":"https:\/\/congresogro.gob.mx\/63\/inicio\/wp-json\/wp\/v2\/categories?post=6207"},{"taxonomy":"post_tag","embeddable":true,"href":"https:\/\/congresogro.gob.mx\/63\/inicio\/wp-json\/wp\/v2\/tags?post=6207"}],"curies":[{"name":"wp","href":"https:\/\/api.w.org\/{rel}","templated":true}]}}