{"id":6173,"date":"2023-01-30T18:47:34","date_gmt":"2023-01-31T00:47:34","guid":{"rendered":"https:\/\/congresogro.gob.mx\/63\/inicio\/?p=6173"},"modified":"2023-01-31T14:27:55","modified_gmt":"2023-01-31T20:27:55","slug":"en-mesa-de-dialogo-manifiestan-diputados-su-compromiso-de-fortalecer-los-mecanismos-de-proteccion-del-medio-ambiente","status":"publish","type":"post","link":"https:\/\/congresogro.gob.mx\/63\/inicio\/2023\/01\/30\/en-mesa-de-dialogo-manifiestan-diputados-su-compromiso-de-fortalecer-los-mecanismos-de-proteccion-del-medio-ambiente\/","title":{"rendered":"EN MESA DE DI\u00c1LOGO, MANIFIESTAN DIPUTADOS SU COMPROMISO DE FORTALECER LOS MECANISMOS DE PROTECCI\u00d3N DEL MEDIO AMBIENTE"},"content":{"rendered":"<p style=\"text-align: justify;\"><strong>Chilpancingo, Gro., 30 de enero de 2023.- <\/strong>Al inaugurar la Mesa de Di\u00e1logo \u201cAcuerdo de Escaz\u00fa y la participaci\u00f3n ciudadana en la conservaci\u00f3n del medio ambiente\u201d, el presidente de la Comisi\u00f3n de Recursos Naturales, Desarrollo Sustentable y Cambio Clim\u00e1tico del Congreso del Estado, diputado Manuel Qui\u00f1\u00f3nez Cort\u00e9s, reiter\u00f3 el compromiso de la LXIII Legislatura de fortalecer y generar los mecanismos necesarios para la protecci\u00f3n y mejora del medio ambiente como pilar fundamental del desarrollo sustentable y sostenible en Guerrero.<\/p>\n<p style=\"text-align: justify;\">Durante las actividades acad\u00e9micas que realiza el Congreso a trav\u00e9s del Instituto de Estudios Parlamentario Eduardo Neri, en el marco de la Semana Jur\u00eddica 2023 que organiza la Subsecretar\u00eda de Gobierno, Asuntos Jur\u00eddicos y Derechos Humanos del Gobierno del Estado, el legislador dijo que, para el efecto, es importante continuar realizando este tipo de eventos de encuentros, donde legisladores, acad\u00e9micos, expertos y ciudadan\u00eda en general vierten ideas y plantean propuestas de soluci\u00f3n a la problem\u00e1tica de contaminaci\u00f3n.<\/p>\n<p style=\"text-align: justify;\">Explic\u00f3 que el Acuerdo Escaz\u00fa, que entr\u00f3 en vigor el 22 de abril de 2022, impulsa la colaboraci\u00f3n entre los pa\u00edses de Am\u00e9rica Latina y el Caribe, y es una hoja de ruta en la lucha contra el cambio clim\u00e1tico.<\/p>\n<p style=\"text-align: justify;\">Adem\u00e1s, agreg\u00f3, que es el primer acuerdo multilateral, que tiene como objetivo el acceso a la informaci\u00f3n, la participaci\u00f3n p\u00fablica y el acceso a la justicia en asuntos ambientales en Am\u00e9rica Latina y el Caribe, y el primero en el mundo en reconocer de manera expl\u00edcita las obligaciones de los Estados de proteger a las personas defensoras ambientales.<\/p>\n<p style=\"text-align: justify;\">Expuso que, aunque el pa\u00eds fue uno de los primeros en firmar dicho acuerdo, se enfrentan dificultades para hacer cumplir el marco jur\u00eddico, \u201cpues estamos en un proceso de consolidaci\u00f3n y se deben ajustar las leyes de acceso a la informaci\u00f3n para incorporar temas ambientales y establecer sistemas de informaci\u00f3n actualizados\u201d.<\/p>\n<p style=\"text-align: justify;\">Al hablar sobre los objetivos de la Mesa, el procurador ambiental en el estado, Carlos Arturo Toledo Manzur, dijo que es necesario conocer ampliamente el acuerdo de Escaz\u00fa y los derechos de acceso en asuntos ambientales, contribuyendo a la protecci\u00f3n de derechos de cada persona, de las generaciones presentes y futuras, a vivir en un medio ambiente sano y al desarrollo sostenible.<\/p>\n<p style=\"text-align: justify;\">Asimismo, se pronunci\u00f3 por que se analice a fondo c\u00f3mo se podr\u00eda implementar este acuerdo en Guerrero, y que no quede solo en discurso, sino que contribuya a una gesti\u00f3n m\u00e1s efectiva de los recursos ambientales.<\/p>\n<p style=\"text-align: justify;\">En su intervenci\u00f3n, la diputada Nora Yanek Vel\u00e1zquez Mart\u00ednez, secretar\u00eda de dicho \u00f3rgano legislativo, manifest\u00f3 que es tiempo de tomar medidas para salvar al planeta de la extinci\u00f3n, lo cual se puede lograr mediante los esfuerzos colectivos.<\/p>\n<p style=\"text-align: justify;\">Dijo, asimismo, que en todos los espacios donde se encuentren, los actores pol\u00edticos deben hacer una buena labor a favor del medio ambiente, que permita superar la crisis.<\/p>\n<p style=\"text-align: justify;\">Por su parte, el coordinador del Programa Global Sobre Delitos que Afectan al Ambiente, Marco del Toral, refiri\u00f3 que desde hace meses se ha venido colaborando con los poderes Ejecutivo y Legislativo en las Jornadas Introductorias sobre los delitos que afectan al ambiente, asunto que es responsabilidad de los diferentes \u00f3rdenes de gobierno y ciudadan\u00eda en general.<\/p>\n<p style=\"text-align: justify;\">Asegur\u00f3 que en esta Semana Jur\u00eddica se trabajar\u00e1 en las acciones de protecci\u00f3n, conservaci\u00f3n y lo que corresponde a prevenci\u00f3n y combate, y expuso que se requiere de sectores de procuraci\u00f3n e impartici\u00f3n de justicia, desde la detecci\u00f3n, inspecci\u00f3n, persecuci\u00f3n propia de los delitos, hasta la adjudicaci\u00f3n y sentencia.<\/p>\n<p style=\"text-align: justify;\">La Mesa de Di\u00e1logo fue moderada por Abi M\u00e1rquez, coordinadora de Gobernanza del Programa de las Naciones Unidas para el Medio Ambiente (PNUMA); Vivian Heredia y Osmar Sanmiguel, especialistas en contaminaci\u00f3n por pl\u00e1stico del PNUMA, y Samuel Caballero, consultor ambiental independiente.<\/p>\n<p style=\"text-align: justify;\">Al evento tambi\u00e9n asisti\u00f3 la diputada Beatriz Mojica Morga, vocal de la comisi\u00f3n; la diputada Ang\u00e9lica Espinoza Garc\u00eda; Mois\u00e9s Antonio Gonz\u00e1lez Caba\u00f1as presidente municipal de Tixtla; Armando S\u00e1nchez G\u00f3mez, delegado de la Secretar\u00eda de Medio Ambiente y Recursos Naturales; Carlos Francisco Sevilla Rodr\u00edguez, de la C\u00e1mara Mexicana de la Industria de la Construcci\u00f3n y Pedro Antonio Nava Aguilera, representante de la Secretar\u00eda de Medio Ambiente.<\/p>\n","protected":false},"excerpt":{"rendered":"<p>Chilpancingo, Gro., 30 de enero de 2023.- Al inaugurar la Mesa de Di\u00e1logo \u201cAcuerdo de Escaz\u00fa y la participaci\u00f3n ciudadana en la conservaci\u00f3n del medio ambiente\u201d, el presidente de la Comisi\u00f3n de Recursos Naturales, Desarrollo Sustentable y Cambio Clim\u00e1tico del Congreso del Estado, diputado Manuel Qui\u00f1\u00f3nez Cort\u00e9s, reiter\u00f3 el compromiso de la LXIII Legislatura de&#8230;<\/p>\n","protected":false},"author":1,"featured_media":6174,"comment_status":"closed","ping_status":"open","sticky":false,"template":"","format":"standard","meta":{"_monsterinsights_skip_tracking":false,"_monsterinsights_sitenote_active":false,"_monsterinsights_sitenote_note":"","_monsterinsights_sitenote_category":0,"footnotes":""},"categories":[3],"tags":[],"class_list":["post-6173","post","type-post","status-publish","format-standard","has-post-thumbnail","hentry","category-boletin"],"aioseo_notices":[],"_links":{"self":[{"href":"https:\/\/congresogro.gob.mx\/63\/inicio\/wp-json\/wp\/v2\/posts\/6173","targetHints":{"allow":["GET"]}}],"collection":[{"href":"https:\/\/congresogro.gob.mx\/63\/inicio\/wp-json\/wp\/v2\/posts"}],"about":[{"href":"https:\/\/congresogro.gob.mx\/63\/inicio\/wp-json\/wp\/v2\/types\/post"}],"author":[{"embeddable":true,"href":"https:\/\/congresogro.gob.mx\/63\/inicio\/wp-json\/wp\/v2\/users\/1"}],"replies":[{"embeddable":true,"href":"https:\/\/congresogro.gob.mx\/63\/inicio\/wp-json\/wp\/v2\/comments?post=6173"}],"version-history":[{"count":2,"href":"https:\/\/congresogro.gob.mx\/63\/inicio\/wp-json\/wp\/v2\/posts\/6173\/revisions"}],"predecessor-version":[{"id":6186,"href":"https:\/\/congresogro.gob.mx\/63\/inicio\/wp-json\/wp\/v2\/posts\/6173\/revisions\/6186"}],"wp:featuredmedia":[{"embeddable":true,"href":"https:\/\/congresogro.gob.mx\/63\/inicio\/wp-json\/wp\/v2\/media\/6174"}],"wp:attachment":[{"href":"https:\/\/congresogro.gob.mx\/63\/inicio\/wp-json\/wp\/v2\/media?parent=6173"}],"wp:term":[{"taxonomy":"category","embeddable":true,"href":"https:\/\/congresogro.gob.mx\/63\/inicio\/wp-json\/wp\/v2\/categories?post=6173"},{"taxonomy":"post_tag","embeddable":true,"href":"https:\/\/congresogro.gob.mx\/63\/inicio\/wp-json\/wp\/v2\/tags?post=6173"}],"curies":[{"name":"wp","href":"https:\/\/api.w.org\/{rel}","templated":true}]}}