{"id":6160,"date":"2023-01-30T09:16:44","date_gmt":"2023-01-30T15:16:44","guid":{"rendered":"https:\/\/congresogro.gob.mx\/63\/inicio\/?p=6160"},"modified":"2023-01-30T09:16:44","modified_gmt":"2023-01-30T15:16:44","slug":"organizan-diputadas-la-realizacion-de-un-mural-en-el-centro-de-ejecucion-de-medidas-para-adolescentes","status":"publish","type":"post","link":"https:\/\/congresogro.gob.mx\/63\/inicio\/2023\/01\/30\/organizan-diputadas-la-realizacion-de-un-mural-en-el-centro-de-ejecucion-de-medidas-para-adolescentes\/","title":{"rendered":"ORGANIZAN DIPUTADAS LA REALIZACI\u00d3N DE UN MURAL EN EL CENTRO DE EJECUCI\u00d3N DE MEDIDAS PARA ADOLESCENTES"},"content":{"rendered":"<p style=\"text-align: justify;\"><strong>Chilpancingo, Gro., 27 de enero de 2023.- <\/strong>Este viernes en el Centro de Ejecuci\u00f3n de Medidas para Adolescentes, las diputadas Beatriz Mojica Morga y Nora Yanek Vel\u00e1zquez Mart\u00ednez, presidenta y vocal de la Comisi\u00f3n de las Ni\u00f1as, Ni\u00f1os y Adolescentes del Congreso del Estado, atestiguaron el inicio de un mural que plasma ideas y el sentir de los menores que se encuentran cumpliendo sentencias.<\/p>\n<p style=\"text-align: justify;\">Ante 28 adolescentes en conflicto con la ley y que residen en centro, la diputada Beatriz Moj\u00edca dijo sentirse contenta de poder contribuir con los j\u00f3venes en su proceso de rehabilitaci\u00f3n y formaci\u00f3n, y que dicho mural pasar\u00e1 a formar parte de la historia del lugar.<\/p>\n<p style=\"text-align: justify;\">Inform\u00f3 que desde la comisi\u00f3n que preside trabajar\u00e1n para acercar a la juventud a las buenas decisiones y h\u00e1bitos, y refrend\u00f3 el compromiso de continuar realizando eventos art\u00edsticos y culturales dirigidos a todo tipo de p\u00fablico.<\/p>\n<p style=\"text-align: justify;\">Por su parte, la diputada Nora Yanek Vel\u00e1zquez destac\u00f3 el objetivo de que los j\u00f3venes, al reintegrarse a la sociedad, se lleven \u201calgo bueno\u201d del lugar y los motive a desarrollar su potencial creativo a trav\u00e9s de la pintura. \u201cLa pintura y el arte son hermanas del alma\u201d, enfatiz\u00f3.<\/p>\n<p style=\"text-align: justify;\">En su intervenci\u00f3n, uno de los j\u00f3venes refiri\u00f3 que el mural los representa a todos y es una buena experiencia que nunca olvidar\u00e1n.<\/p>\n<p style=\"text-align: justify;\">Extern\u00f3 tambi\u00e9n su agradecimiento al Congreso del Estado, porque \u201cdif\u00edcilmente la sociedad pone los ojos en nosotros\u201d, ante lo cual pidi\u00f3 que este tipo de actividades contin\u00faen.<\/p>\n<p style=\"text-align: justify;\">Particip\u00f3 en el evento la directora de la instituci\u00f3n, Elizabeth Pacheco Campos, quien reconoci\u00f3 la voluntad y apoyo del Congreso del Estado para realizaci\u00f3n de este taller que coadyuvar\u00e1 a que los j\u00f3venes descubran su potencial, y puedan reintegrarse completamente a la sociedad.<\/p>\n<p style=\"text-align: justify;\">La obra art\u00edstica que coordinan los artistas David de Le\u00f3n y Abigail Medina Estrada continuar\u00e1 su desarrollo este s\u00e1bado, previ\u00e9ndose su inauguraci\u00f3n para este mismo d\u00eda.<\/p>\n","protected":false},"excerpt":{"rendered":"<p>Chilpancingo, Gro., 27 de enero de 2023.- Este viernes en el Centro de Ejecuci\u00f3n de Medidas para Adolescentes, las diputadas Beatriz Mojica Morga y Nora Yanek Vel\u00e1zquez Mart\u00ednez, presidenta y vocal de la Comisi\u00f3n de las Ni\u00f1as, Ni\u00f1os y Adolescentes del Congreso del Estado, atestiguaron el inicio de un mural que plasma ideas y el&#8230;<\/p>\n","protected":false},"author":1,"featured_media":6161,"comment_status":"closed","ping_status":"open","sticky":false,"template":"","format":"standard","meta":{"_monsterinsights_skip_tracking":false,"_monsterinsights_sitenote_active":false,"_monsterinsights_sitenote_note":"","_monsterinsights_sitenote_category":0,"footnotes":""},"categories":[13,3,32],"tags":[],"class_list":["post-6160","post","type-post","status-publish","format-standard","has-post-thumbnail","hentry","category-beatriz-mojica-morga","category-boletin","category-nora-yanek-velazquez-martinez"],"aioseo_notices":[],"_links":{"self":[{"href":"https:\/\/congresogro.gob.mx\/63\/inicio\/wp-json\/wp\/v2\/posts\/6160","targetHints":{"allow":["GET"]}}],"collection":[{"href":"https:\/\/congresogro.gob.mx\/63\/inicio\/wp-json\/wp\/v2\/posts"}],"about":[{"href":"https:\/\/congresogro.gob.mx\/63\/inicio\/wp-json\/wp\/v2\/types\/post"}],"author":[{"embeddable":true,"href":"https:\/\/congresogro.gob.mx\/63\/inicio\/wp-json\/wp\/v2\/users\/1"}],"replies":[{"embeddable":true,"href":"https:\/\/congresogro.gob.mx\/63\/inicio\/wp-json\/wp\/v2\/comments?post=6160"}],"version-history":[{"count":1,"href":"https:\/\/congresogro.gob.mx\/63\/inicio\/wp-json\/wp\/v2\/posts\/6160\/revisions"}],"predecessor-version":[{"id":6162,"href":"https:\/\/congresogro.gob.mx\/63\/inicio\/wp-json\/wp\/v2\/posts\/6160\/revisions\/6162"}],"wp:featuredmedia":[{"embeddable":true,"href":"https:\/\/congresogro.gob.mx\/63\/inicio\/wp-json\/wp\/v2\/media\/6161"}],"wp:attachment":[{"href":"https:\/\/congresogro.gob.mx\/63\/inicio\/wp-json\/wp\/v2\/media?parent=6160"}],"wp:term":[{"taxonomy":"category","embeddable":true,"href":"https:\/\/congresogro.gob.mx\/63\/inicio\/wp-json\/wp\/v2\/categories?post=6160"},{"taxonomy":"post_tag","embeddable":true,"href":"https:\/\/congresogro.gob.mx\/63\/inicio\/wp-json\/wp\/v2\/tags?post=6160"}],"curies":[{"name":"wp","href":"https:\/\/api.w.org\/{rel}","templated":true}]}}