{"id":6154,"date":"2023-01-26T15:58:19","date_gmt":"2023-01-26T21:58:19","guid":{"rendered":"https:\/\/congresogro.gob.mx\/63\/inicio\/?p=6154"},"modified":"2023-01-26T15:58:19","modified_gmt":"2023-01-26T21:58:19","slug":"plantean-la-creacion-de-una-comision-legislativa-de-seguimiento-a-la-agenda-2030","status":"publish","type":"post","link":"https:\/\/congresogro.gob.mx\/63\/inicio\/2023\/01\/26\/plantean-la-creacion-de-una-comision-legislativa-de-seguimiento-a-la-agenda-2030\/","title":{"rendered":"PLANTEAN LA CREACI\u00d3N DE UNA COMISI\u00d3N  LEGISLATIVA DE SEGUIMIENTO A LA AGENDA 2030"},"content":{"rendered":"<p style=\"text-align: justify;\"><strong>Chilpancingo, Gro., 26 de enero de 2023<\/strong>.- El diputado Osbaldo R\u00edos Manrique present\u00f3 una iniciativa de adici\u00f3n a la Ley Org\u00e1nica del Poder Legislativo para crear la Comisi\u00f3n Ordinaria para el Seguimiento de la Implementaci\u00f3n de la Agenda 2030, que coadyuve a su instrumentaci\u00f3n local desde el \u00e1mbito legislativo.<\/p>\n<p style=\"text-align: justify;\">Adem\u00e1s, para que se intercambien experiencias y coordinen acciones con los Consejos Nacional y Estatal de dicha Agenda, la Comisi\u00f3n Especial de Seguimiento del Senado de la Rep\u00fablica, el Poder Judicial, los organismos aut\u00f3nomos de la entidad, las autoridades municipales, representantes de la sociedad civil y el sector privado.<\/p>\n<p style=\"text-align: justify;\">El diputado de Morena explic\u00f3 que la Agenda 2030 para el Desarrollo Sostenible perfil\u00f3 una visi\u00f3n para una nueva era de desarrollo global, a partir de 2016, con el prop\u00f3sito de generar un plan universal de acci\u00f3n para las personas, el planeta, la paz, la prosperidad y las alianzas.<\/p>\n<p style=\"text-align: justify;\">Abund\u00f3 que este instrumento sirve como un llamado a la acci\u00f3n para todos los pa\u00edses y actores clave, formando una alianza colaborativa con el fin de abordar los retos sociales, econ\u00f3micos, ambientales y gubernamentales m\u00e1s importantes de nuestro tiempo.<\/p>\n<p style=\"text-align: justify;\">Extern\u00f3 que en el \u00e1mbito legislativo la Estrategia Nacional para la implementaci\u00f3n de la Agenda 2030 en M\u00e9xico, en su Eje 4 establece que las legislaturas estatales deber\u00e1n acompa\u00f1ar este proyecto sostenible a trav\u00e9s de la creaci\u00f3n de una comisi\u00f3n legislativa, para que propongan leyes y coadyuven con los trabajos, acciones y estrategias con las instituciones encargadas de lograr la implementaci\u00f3n y alcanzar objetivos.<\/p>\n<p style=\"text-align: justify;\">\u201cCon esta propuesta de adici\u00f3n a la que nos rigen, el Congreso de Guerrero podr\u00e1 materializar el compromiso mediante acciones y avances concretos, bajo un marco institucional s\u00f3lido que permita coordinar esfuerzos y dar certeza a la apuesta del pa\u00eds con miras al 2030.<\/p>\n<p style=\"text-align: justify;\">\u201cEste marco institucional debe prever la participaci\u00f3n de m\u00faltiples actores en condiciones de igualdad, y establecer mecanismos que permitan evaluar los avances sistem\u00e1ticamente, proponer los ajustes necesarios y rendir cuentas a la sociedad\u201d, recalc\u00f3 el legislador, cuya propuesta fue turnada la Comisi\u00f3n de Estudios Constitucionales y Jur\u00eddicos para su an\u00e1lisis y emisi\u00f3n del dictamen correspondiente.<\/p>\n","protected":false},"excerpt":{"rendered":"<p>Chilpancingo, Gro., 26 de enero de 2023.- El diputado Osbaldo R\u00edos Manrique present\u00f3 una iniciativa de adici\u00f3n a la Ley Org\u00e1nica del Poder Legislativo para crear la Comisi\u00f3n Ordinaria para el Seguimiento de la Implementaci\u00f3n de la Agenda 2030, que coadyuve a su instrumentaci\u00f3n local desde el \u00e1mbito legislativo. Adem\u00e1s, para que se intercambien experiencias&#8230;<\/p>\n","protected":false},"author":1,"featured_media":6155,"comment_status":"closed","ping_status":"open","sticky":false,"template":"","format":"standard","meta":{"_monsterinsights_skip_tracking":false,"_monsterinsights_sitenote_active":false,"_monsterinsights_sitenote_note":"","_monsterinsights_sitenote_category":0,"footnotes":""},"categories":[3,33],"tags":[],"class_list":["post-6154","post","type-post","status-publish","format-standard","has-post-thumbnail","hentry","category-boletin","category-osbaldo-rios-manrique"],"aioseo_notices":[],"_links":{"self":[{"href":"https:\/\/congresogro.gob.mx\/63\/inicio\/wp-json\/wp\/v2\/posts\/6154","targetHints":{"allow":["GET"]}}],"collection":[{"href":"https:\/\/congresogro.gob.mx\/63\/inicio\/wp-json\/wp\/v2\/posts"}],"about":[{"href":"https:\/\/congresogro.gob.mx\/63\/inicio\/wp-json\/wp\/v2\/types\/post"}],"author":[{"embeddable":true,"href":"https:\/\/congresogro.gob.mx\/63\/inicio\/wp-json\/wp\/v2\/users\/1"}],"replies":[{"embeddable":true,"href":"https:\/\/congresogro.gob.mx\/63\/inicio\/wp-json\/wp\/v2\/comments?post=6154"}],"version-history":[{"count":1,"href":"https:\/\/congresogro.gob.mx\/63\/inicio\/wp-json\/wp\/v2\/posts\/6154\/revisions"}],"predecessor-version":[{"id":6156,"href":"https:\/\/congresogro.gob.mx\/63\/inicio\/wp-json\/wp\/v2\/posts\/6154\/revisions\/6156"}],"wp:featuredmedia":[{"embeddable":true,"href":"https:\/\/congresogro.gob.mx\/63\/inicio\/wp-json\/wp\/v2\/media\/6155"}],"wp:attachment":[{"href":"https:\/\/congresogro.gob.mx\/63\/inicio\/wp-json\/wp\/v2\/media?parent=6154"}],"wp:term":[{"taxonomy":"category","embeddable":true,"href":"https:\/\/congresogro.gob.mx\/63\/inicio\/wp-json\/wp\/v2\/categories?post=6154"},{"taxonomy":"post_tag","embeddable":true,"href":"https:\/\/congresogro.gob.mx\/63\/inicio\/wp-json\/wp\/v2\/tags?post=6154"}],"curies":[{"name":"wp","href":"https:\/\/api.w.org\/{rel}","templated":true}]}}