{"id":6147,"date":"2023-01-25T16:32:52","date_gmt":"2023-01-25T22:32:52","guid":{"rendered":"https:\/\/congresogro.gob.mx\/63\/inicio\/?p=6147"},"modified":"2023-01-25T16:32:52","modified_gmt":"2023-01-25T22:32:52","slug":"plantean-reforma-a-la-ley-de-salud-para-contribuir-a-la-salud-e-higiene-menstrual-de-ninas-y-adolescentes","status":"publish","type":"post","link":"https:\/\/congresogro.gob.mx\/63\/inicio\/2023\/01\/25\/plantean-reforma-a-la-ley-de-salud-para-contribuir-a-la-salud-e-higiene-menstrual-de-ninas-y-adolescentes\/","title":{"rendered":"PLANTEAN REFORMA A LA LEY DE SALUD PARA CONTRIBUIR  A LA SALUD E HIGIENE MENSTRUAL DE NI\u00d1AS Y ADOLESCENTES"},"content":{"rendered":"<p style=\"text-align: justify;\"><strong>Chilpancingo, Gro., 25 de enero de 2023<\/strong>.- La diputada Jessica Alejo Rayo present\u00f3 una iniciativa de reforma y adiciones a la Ley de Salud del Estado de Guerrero para que se establezcan medidas, campa\u00f1as, acciones y pol\u00edticas p\u00fablicas que contribuyan a la salud e higiene menstrual, y que garanticen el bienestar emocional, psicol\u00f3gico y la salud de ni\u00f1as y adolescentes.<\/p>\n<p style=\"text-align: justify;\">Al exponer la propuesta, la diputada de Morena explic\u00f3 que, seg\u00fan estudios de UNICEF, solo el 5 por ciento de las ni\u00f1as y adolescentes en M\u00e9xico tiene conocimiento preciso de la menstruaci\u00f3n; el 5 por ciento de los padres hablan con sus hijas sobre el tema, y un escaso 7 por ciento del personal m\u00e9dico incide en ni\u00f1as adolescentes, situaci\u00f3n que limita a este sector para entender los retos que enfrentan durante su periodo menstrual.<\/p>\n<p style=\"text-align: justify;\">Por lo anterior, Alejo Rayo extern\u00f3 la importancia de legislar en la materia para modificar la Ley de Salud del estado para que se considere la salud e higiene menstrual como un servicio b\u00e1sico de salud, y se plasme en el ordenamiento jur\u00eddico que las autoridades sanitarias estatales, educativas y laborales, desde sus respectivos \u00e1mbitos de competencia, apoyar\u00e1n y fomentar\u00e1n programas, estrategias y acciones orientadas a fortalecer este aspecto.<\/p>\n<p style=\"text-align: justify;\">Asimismo, plante\u00f3 que en materia escolar sea incluida la salud e higiene menstrual, y sea la Secretar\u00eda de Salud la que establezca las normas correspondientes a los servicios para un adecuado manejo y atenci\u00f3n, y que esto sea visto bajo una l\u00f3gica de derechos humanos progresivos e igualdad de g\u00e9nero.<\/p>\n<p style=\"text-align: justify;\">Esta propuesta fue turnada a la Comisi\u00f3n de Salud para su an\u00e1lisis y dictaminaci\u00f3n correspondientes.<\/p>\n<p style=\"text-align: justify;\">\n<p style=\"text-align: justify;\"><strong>Iniciativa <\/strong><\/p>\n<p style=\"text-align: justify;\">El diputado Osbaldo R\u00edos Manrique (Morena) present\u00f3 una iniciativa de adici\u00f3n a la Ley Org\u00e1nica del Poder Legislativo para crear la Comisi\u00f3n Ordinaria para el Seguimiento de la Implementaci\u00f3n de la Agenda 2030, que coadyuve a su instrumentaci\u00f3n local en el \u00e1mbito legislativo, intercambie experiencias y coordine acciones con los consejos Nacional y Estatal de dicha Agenda, la Comisi\u00f3n Especial de Seguimiento del Senado de la Rep\u00fablica, el Poder Judicial, los organismos aut\u00f3nomos de la entidad, las autoridades municipales, representantes de la sociedad civil y el sector privado. Fue turnada a la Comisi\u00f3n de Estudios Constitucionales y Jur\u00eddicos.<\/p>\n<p style=\"text-align: justify;\">\n<p style=\"text-align: justify;\"><strong>Intervenci\u00f3n<\/strong><\/p>\n<p style=\"text-align: justify;\">La diputada Gabriela Bernal Res\u00e9ndiz intervino en relaci\u00f3n al caso de violencia pol\u00edtica de g\u00e9nero que vive la ex candidata a presidenta municipal de Iliatenco, Ruperta Nicol\u00e1s Hilario, quien se encuentra en una situaci\u00f3n vulnerable en aquella regi\u00f3n de la Monta\u00f1a, luego de que el pasado a\u00f1o un grupo denominado Frente Popular por la Paz, Seguridad y Desarrollo, tom\u00f3 de forma violenta las instalaciones del Ayuntamiento.<\/p>\n<p style=\"text-align: justify;\">La tambi\u00e9n presidenta de la Comisi\u00f3n para la Igualdad de G\u00e9nero manifest\u00f3 la urgencia de conservar las medidas cautelares impuestas por el Tribunal Electoral del Poder Judicial de la Federaci\u00f3n para garantizar los derechos humanos de Ruperta, as\u00ed como implementar mecanismos que favorezcan la cultura de la prevenci\u00f3n y erradicaci\u00f3n de la violencia hacia las mujeres.<\/p>\n","protected":false},"excerpt":{"rendered":"<p>Chilpancingo, Gro., 25 de enero de 2023.- La diputada Jessica Alejo Rayo present\u00f3 una iniciativa de reforma y adiciones a la Ley de Salud del Estado de Guerrero para que se establezcan medidas, campa\u00f1as, acciones y pol\u00edticas p\u00fablicas que contribuyan a la salud e higiene menstrual, y que garanticen el bienestar emocional, psicol\u00f3gico y la&#8230;<\/p>\n","protected":false},"author":1,"featured_media":6149,"comment_status":"closed","ping_status":"open","sticky":false,"template":"","format":"standard","meta":{"_monsterinsights_skip_tracking":false,"_monsterinsights_sitenote_active":false,"_monsterinsights_sitenote_note":"","_monsterinsights_sitenote_category":0,"footnotes":""},"categories":[3,10],"tags":[],"class_list":["post-6147","post","type-post","status-publish","format-standard","has-post-thumbnail","hentry","category-boletin","category-jessica-ivette-alejo-rayo"],"aioseo_notices":[],"_links":{"self":[{"href":"https:\/\/congresogro.gob.mx\/63\/inicio\/wp-json\/wp\/v2\/posts\/6147","targetHints":{"allow":["GET"]}}],"collection":[{"href":"https:\/\/congresogro.gob.mx\/63\/inicio\/wp-json\/wp\/v2\/posts"}],"about":[{"href":"https:\/\/congresogro.gob.mx\/63\/inicio\/wp-json\/wp\/v2\/types\/post"}],"author":[{"embeddable":true,"href":"https:\/\/congresogro.gob.mx\/63\/inicio\/wp-json\/wp\/v2\/users\/1"}],"replies":[{"embeddable":true,"href":"https:\/\/congresogro.gob.mx\/63\/inicio\/wp-json\/wp\/v2\/comments?post=6147"}],"version-history":[{"count":1,"href":"https:\/\/congresogro.gob.mx\/63\/inicio\/wp-json\/wp\/v2\/posts\/6147\/revisions"}],"predecessor-version":[{"id":6150,"href":"https:\/\/congresogro.gob.mx\/63\/inicio\/wp-json\/wp\/v2\/posts\/6147\/revisions\/6150"}],"wp:featuredmedia":[{"embeddable":true,"href":"https:\/\/congresogro.gob.mx\/63\/inicio\/wp-json\/wp\/v2\/media\/6149"}],"wp:attachment":[{"href":"https:\/\/congresogro.gob.mx\/63\/inicio\/wp-json\/wp\/v2\/media?parent=6147"}],"wp:term":[{"taxonomy":"category","embeddable":true,"href":"https:\/\/congresogro.gob.mx\/63\/inicio\/wp-json\/wp\/v2\/categories?post=6147"},{"taxonomy":"post_tag","embeddable":true,"href":"https:\/\/congresogro.gob.mx\/63\/inicio\/wp-json\/wp\/v2\/tags?post=6147"}],"curies":[{"name":"wp","href":"https:\/\/api.w.org\/{rel}","templated":true}]}}