{"id":6142,"date":"2023-01-24T09:14:20","date_gmt":"2023-01-24T15:14:20","guid":{"rendered":"https:\/\/congresogro.gob.mx\/63\/inicio\/?p=6142"},"modified":"2023-01-25T09:16:56","modified_gmt":"2023-01-25T15:16:56","slug":"invita-el-congreso-a-participar-en-conversatorios-y-ponencias-con-motivo-de-la-semana-juridica-2023","status":"publish","type":"post","link":"https:\/\/congresogro.gob.mx\/63\/inicio\/2023\/01\/24\/invita-el-congreso-a-participar-en-conversatorios-y-ponencias-con-motivo-de-la-semana-juridica-2023\/","title":{"rendered":"INVITA EL CONGRESO A PARTICIPAR EN CONVERSATORIOS  Y PONENCIAS CON MOTIVO DE LA SEMANA JUR\u00cdDICA 2023"},"content":{"rendered":"<p style=\"text-align: justify;\"><strong>Chilpancingo, Gro., 24 de enero de 2023.-<\/strong> El Congreso del Estado, a trav\u00e9s del Instituto de Estudios Parlamentarios Eduardo Neri (IEPEN), llevar\u00e1 a cabo en pr\u00f3ximos d\u00edas una serie de actividades acad\u00e9micas abiertas al p\u00fablico en general, como parte de la Semana Jur\u00eddica que organiza la Subsecretar\u00eda de Gobierno, Asuntos Jur\u00eddicos y Derechos Humanos del Gobierno del Estado.<\/p>\n<p style=\"text-align: justify;\">El objetivo del evento es analizar y reflexionar acerca de las recientes adecuaciones al marco normativo federal y las disposiciones estatales relativas a distintos \u00e1mbitos jur\u00eddicos, como el medio ambiente desde la \u00f3ptica del derecho humano, tomando como base el Tratado Internacional de Escaz\u00fa; el alcance de la Reforma Laboral en la burocracia; el 2024 ante las reformas en materia electoral, entre otros.<\/p>\n<p style=\"text-align: justify;\">Por este motivo, el Poder Legislativo invita a la ciudadan\u00eda en general para que el pr\u00f3ximo lunes 30, en punto de las 11 de la ma\u00f1ana, asista a la Mesa de Di\u00e1logo \u201cAcuerdo Escaz\u00fa, la participaci\u00f3n ciudadana en la conservaci\u00f3n del medio ambiente\u201d, en el que participar\u00e1n el diputado Manuel Qui\u00f1\u00f3nez Cort\u00e9s y la diputada Nora Yanek Vel\u00e1zquez Mart\u00ednez, presidente y secretaria de la Comisi\u00f3n de Recursos Naturales, Desarrollo Sustentable y Cambio Clim\u00e1tico; Carlos Toledo Manzur, encargado de la Procuradur\u00eda de Protecci\u00f3n al Medio Ambiente; Viviana Heredia Hern\u00e1ndez y Abi M\u00e1rquez Silva, coordinadoras del Programa de Naciones Unidas para el Medio Ambiente, y Alfredo M\u00e9ndez Bahena, catedr\u00e1tico de la Universidad Aut\u00f3noma de Guerrero.<\/p>\n<p style=\"text-align: justify;\">Para el martes 31 de enero a las 10 de la ma\u00f1ana se tiene contemplada la ponencia \u201cDerecho laboral burocr\u00e1tico en el estado de Guerrero\u201d, que impartir\u00e1 el licenciado Bernardo Ortega Le\u00f3n.<\/p>\n<p style=\"text-align: justify;\">El mi\u00e9rcoles 1 de febrero a las 11 horas se realizar\u00e1 el Conversatorio Libro \u201cLo que deben conocer quienes aspiren a un cargo de elecci\u00f3n popular federal o local en el a\u00f1o 2024\u201d, teniendo como ponentes al maestro Rom\u00e1n Jaimes Contreras y el doctor Miguel \u00c1ngel Hern\u00e1ndez G\u00f3mez.<\/p>\n<p style=\"text-align: justify;\">El jueves 2 de febrero se llevar\u00e1 a cabo la ponencia \u201cParidad de g\u00e9nero en la administraci\u00f3n p\u00fablica centralizada y paraestatal de Guerrero\u201d, misma que impartir\u00e1 la diputada Jessica Ivette Alejo Rayo, a las 11 horas.<\/p>\n<p style=\"text-align: justify;\">Las actividades acad\u00e9micas culminan el viernes 3 de febrero con la ponencia \u201cAcciones para fortalecer los sistemas anticorrupci\u00f3n\u201d, a cargo del diputado Fortunato Hern\u00e1ndez Carbajal, a las 11 horas.<\/p>\n<p style=\"text-align: justify;\">Todas estas actividades se llevar\u00e1n a cabo en la Velaria ubicada en la Explanada Bicentenario del Congreso del Estado.<\/p>\n","protected":false},"excerpt":{"rendered":"<p>Chilpancingo, Gro., 24 de enero de 2023.- El Congreso del Estado, a trav\u00e9s del Instituto de Estudios Parlamentarios Eduardo Neri (IEPEN), llevar\u00e1 a cabo en pr\u00f3ximos d\u00edas una serie de actividades acad\u00e9micas abiertas al p\u00fablico en general, como parte de la Semana Jur\u00eddica que organiza la Subsecretar\u00eda de Gobierno, Asuntos Jur\u00eddicos y Derechos Humanos del&#8230;<\/p>\n","protected":false},"author":1,"featured_media":6143,"comment_status":"closed","ping_status":"open","sticky":false,"template":"","format":"standard","meta":{"_monsterinsights_skip_tracking":false,"_monsterinsights_sitenote_active":false,"_monsterinsights_sitenote_note":"","_monsterinsights_sitenote_category":0,"footnotes":""},"categories":[3],"tags":[],"class_list":["post-6142","post","type-post","status-publish","format-standard","has-post-thumbnail","hentry","category-boletin"],"aioseo_notices":[],"_links":{"self":[{"href":"https:\/\/congresogro.gob.mx\/63\/inicio\/wp-json\/wp\/v2\/posts\/6142","targetHints":{"allow":["GET"]}}],"collection":[{"href":"https:\/\/congresogro.gob.mx\/63\/inicio\/wp-json\/wp\/v2\/posts"}],"about":[{"href":"https:\/\/congresogro.gob.mx\/63\/inicio\/wp-json\/wp\/v2\/types\/post"}],"author":[{"embeddable":true,"href":"https:\/\/congresogro.gob.mx\/63\/inicio\/wp-json\/wp\/v2\/users\/1"}],"replies":[{"embeddable":true,"href":"https:\/\/congresogro.gob.mx\/63\/inicio\/wp-json\/wp\/v2\/comments?post=6142"}],"version-history":[{"count":1,"href":"https:\/\/congresogro.gob.mx\/63\/inicio\/wp-json\/wp\/v2\/posts\/6142\/revisions"}],"predecessor-version":[{"id":6144,"href":"https:\/\/congresogro.gob.mx\/63\/inicio\/wp-json\/wp\/v2\/posts\/6142\/revisions\/6144"}],"wp:featuredmedia":[{"embeddable":true,"href":"https:\/\/congresogro.gob.mx\/63\/inicio\/wp-json\/wp\/v2\/media\/6143"}],"wp:attachment":[{"href":"https:\/\/congresogro.gob.mx\/63\/inicio\/wp-json\/wp\/v2\/media?parent=6142"}],"wp:term":[{"taxonomy":"category","embeddable":true,"href":"https:\/\/congresogro.gob.mx\/63\/inicio\/wp-json\/wp\/v2\/categories?post=6142"},{"taxonomy":"post_tag","embeddable":true,"href":"https:\/\/congresogro.gob.mx\/63\/inicio\/wp-json\/wp\/v2\/tags?post=6142"}],"curies":[{"name":"wp","href":"https:\/\/api.w.org\/{rel}","templated":true}]}}