{"id":6129,"date":"2023-01-20T15:34:23","date_gmt":"2023-01-20T21:34:23","guid":{"rendered":"https:\/\/congresogro.gob.mx\/63\/inicio\/?p=6129"},"modified":"2023-01-20T15:34:23","modified_gmt":"2023-01-20T21:34:23","slug":"comision-legislativa-de-vigilancia-y-evaluacion-de-la-ase-hara-exhaustiva-revision-de-las-cuentas-publicas-adelanta-diputado","status":"publish","type":"post","link":"https:\/\/congresogro.gob.mx\/63\/inicio\/2023\/01\/20\/comision-legislativa-de-vigilancia-y-evaluacion-de-la-ase-hara-exhaustiva-revision-de-las-cuentas-publicas-adelanta-diputado\/","title":{"rendered":"COMISI\u00d3N LEGISLATIVA DE VIGILANCIA Y EVALUACI\u00d3N DE LA ASE HAR\u00c1 EXHAUSTIVA REVISI\u00d3N DE LAS CUENTAS P\u00daBLICAS, ADELANTA DIPUTADO"},"content":{"rendered":"<p style=\"text-align: justify;\"><strong>Chilpancingo, Gro., 20 de enero de 2023.- <\/strong>El presidente de la Comisi\u00f3n de Vigilancia y Evaluaci\u00f3n de la Auditor\u00eda Superior del Estado, diputado Jacinto Gonz\u00e1lez Varona, inform\u00f3 que en este periodo de receso el \u00f3rgano legislativo estar\u00e1 abocado en el an\u00e1lisis de 105 Informes Individuales de Auditor\u00eda y Cuentas P\u00fablicas de todos los entes fiscalizables de la entidad.<\/p>\n<p style=\"text-align: justify;\">En entrevista, el legislador adelant\u00f3 que el 17 de febrero las diputadas y diputados que integran esta comisi\u00f3n ordinaria recibir\u00e1n por parte de la Auditor\u00eda Superior del Estado (ASE) los Informes Individuales de Auditor\u00eda y el Informe General de Resultados de la Fiscalizaci\u00f3n de la Cuenta P\u00fablica correspondiente al Ejercicio Fiscal 2021, y de los entes fiscalizables Ejecutivo, Legislativo, Judicial, municipios y \u00f3rganos aut\u00f3nomos, para que una vez analizados se integren al Informe General.<\/p>\n<p style=\"text-align: justify;\">Indic\u00f3 que el an\u00e1lisis de estos informes es de suma importancia porque se da seguimiento a la correcta aplicaci\u00f3n de los recursos p\u00fablicos, de conformidad con la norma y los planes de desarrollo a los que debe apegarse cada ente fiscalizable.<\/p>\n<p style=\"text-align: justify;\">Dijo que, sin duda, \u201ces un gran reto para la comisi\u00f3n y lo asumimos con responsabilidad y compromiso, al ser una de las facultades conferidas por la Ley Org\u00e1nica del Poder Legislativo. Se trata de vigilar y dar puntual seguimiento para que los entes que manejan recursos p\u00fablicos los utilicen de manera correcta y transparente, siempre en favor de la poblaci\u00f3n guerrerense\u201d, remarc\u00f3.<\/p>\n<p style=\"text-align: justify;\">Gonz\u00e1lez Varona destac\u00f3 que el gobierno, los municipios y todos los entes fiscalizables tienen frente a s\u00ed una gran tarea, que es dar cumplimiento a la rendici\u00f3n de cuentas en tiempo y forma, hecho por el cual se han modernizado los procedimientos para que, a trav\u00e9s de las plataformas de transparencia, puedan subir la informaci\u00f3n y cumplir con su obligaci\u00f3n y responsabilidad, apegados a la Ley.<\/p>\n","protected":false},"excerpt":{"rendered":"<p>Chilpancingo, Gro., 20 de enero de 2023.- El presidente de la Comisi\u00f3n de Vigilancia y Evaluaci\u00f3n de la Auditor\u00eda Superior del Estado, diputado Jacinto Gonz\u00e1lez Varona, inform\u00f3 que en este periodo de receso el \u00f3rgano legislativo estar\u00e1 abocado en el an\u00e1lisis de 105 Informes Individuales de Auditor\u00eda y Cuentas P\u00fablicas de todos los entes fiscalizables&#8230;<\/p>\n","protected":false},"author":1,"featured_media":6130,"comment_status":"closed","ping_status":"open","sticky":false,"template":"","format":"standard","meta":{"_monsterinsights_skip_tracking":false,"_monsterinsights_sitenote_active":false,"_monsterinsights_sitenote_note":"","_monsterinsights_sitenote_category":0,"footnotes":""},"categories":[3,24],"tags":[],"class_list":["post-6129","post","type-post","status-publish","format-standard","has-post-thumbnail","hentry","category-boletin","category-jacinto-gonzalez"],"aioseo_notices":[],"_links":{"self":[{"href":"https:\/\/congresogro.gob.mx\/63\/inicio\/wp-json\/wp\/v2\/posts\/6129","targetHints":{"allow":["GET"]}}],"collection":[{"href":"https:\/\/congresogro.gob.mx\/63\/inicio\/wp-json\/wp\/v2\/posts"}],"about":[{"href":"https:\/\/congresogro.gob.mx\/63\/inicio\/wp-json\/wp\/v2\/types\/post"}],"author":[{"embeddable":true,"href":"https:\/\/congresogro.gob.mx\/63\/inicio\/wp-json\/wp\/v2\/users\/1"}],"replies":[{"embeddable":true,"href":"https:\/\/congresogro.gob.mx\/63\/inicio\/wp-json\/wp\/v2\/comments?post=6129"}],"version-history":[{"count":1,"href":"https:\/\/congresogro.gob.mx\/63\/inicio\/wp-json\/wp\/v2\/posts\/6129\/revisions"}],"predecessor-version":[{"id":6131,"href":"https:\/\/congresogro.gob.mx\/63\/inicio\/wp-json\/wp\/v2\/posts\/6129\/revisions\/6131"}],"wp:featuredmedia":[{"embeddable":true,"href":"https:\/\/congresogro.gob.mx\/63\/inicio\/wp-json\/wp\/v2\/media\/6130"}],"wp:attachment":[{"href":"https:\/\/congresogro.gob.mx\/63\/inicio\/wp-json\/wp\/v2\/media?parent=6129"}],"wp:term":[{"taxonomy":"category","embeddable":true,"href":"https:\/\/congresogro.gob.mx\/63\/inicio\/wp-json\/wp\/v2\/categories?post=6129"},{"taxonomy":"post_tag","embeddable":true,"href":"https:\/\/congresogro.gob.mx\/63\/inicio\/wp-json\/wp\/v2\/tags?post=6129"}],"curies":[{"name":"wp","href":"https:\/\/api.w.org\/{rel}","templated":true}]}}