{"id":6122,"date":"2023-01-18T15:54:57","date_gmt":"2023-01-18T21:54:57","guid":{"rendered":"https:\/\/congresogro.gob.mx\/63\/inicio\/?p=6122"},"modified":"2023-01-18T15:54:57","modified_gmt":"2023-01-18T21:54:57","slug":"pide-congreso-a-la-fiscalia-general-que-informe-sobre-investigaciones-de-feminicidios-y-desapariciones-forzadas-en-2022-y-2023","status":"publish","type":"post","link":"https:\/\/congresogro.gob.mx\/63\/inicio\/2023\/01\/18\/pide-congreso-a-la-fiscalia-general-que-informe-sobre-investigaciones-de-feminicidios-y-desapariciones-forzadas-en-2022-y-2023\/","title":{"rendered":"PIDE CONGRESO A LA FISCAL\u00cdA GENERAL QUE INFORME SOBRE INVESTIGACIONES DE FEMINICIDIOS Y DESAPARICIONES FORZADAS EN 2022 Y 2023"},"content":{"rendered":"<p style=\"text-align: justify;\"><strong>Chilpancingo, Gro., 18 de enero de 2023.- <\/strong>La Comisi\u00f3n Permanente del Congreso del Estado exhort\u00f3 a la titular de la Fiscal\u00eda General del Estado, Sandra Luz Valdovinos Salmer\u00f3n, que informe a esta Soberan\u00eda el estado de las investigaciones de homicidios dolosos en contra de mujeres y feminicidios ocurridos en el a\u00f1o 2022 y lo que va de 2023.<\/p>\n<p style=\"text-align: justify;\">Asimismo, se solicita a dicha instituci\u00f3n de procuraci\u00f3n de justicia que informe sobre las detenciones de autores, c\u00f3mplices y encubridores del delito de desaparici\u00f3n forzada de personas, y las acciones de acompa\u00f1amiento que realiza con los colectivos de b\u00fasqueda de desaparecidos.<\/p>\n<p style=\"text-align: justify;\">A nombre del Grupo Parlamentario del PRD, la diputada Patricia Doroteo Calder\u00f3n indic\u00f3 que de acuerdo con cifras del Secretariado Ejecutivo del Sistema Nacional de Seguridad P\u00fablica, Guerrero cerr\u00f3 el a\u00f1o con mil 285 denuncias por lesiones contra mujeres, dos mil 886 casos de violencia familiar y cuatro mil 336 llamadas de emergencia por distintos tipos de violencia de g\u00e9nero.<\/p>\n<p style=\"text-align: justify;\">Asimismo, que hasta noviembre de 2022 ocurrieron 108 homicidios dolosos en contra de mujeres, de los cuales 12 fueron clasificados como feminicidios, ocurridos en los municipios de Acapulco y Chilpancingo; mientras que en los primeros d\u00edas del a\u00f1o se report\u00f3 el asesinato de 40 personas, tres de ellas mujeres.<\/p>\n<p style=\"text-align: justify;\">Subray\u00f3 que aun cuando en el estado de Guerrero se declar\u00f3 la primera de dos Alertas por Violencia de G\u00e9nero, el 22 de junio de 2017 en ocho municipios, la Encuesta Nacional sobre la Din\u00e1mica de las Relaciones en los Hogares 2021 estim\u00f3 que siete de cada diez mujeres guerrerenses de 15 a\u00f1os o m\u00e1s han experimentado alg\u00fan tipo de violencia a lo largo de su vida, ya sea psicol\u00f3gica, f\u00edsica, sexual, econ\u00f3mica o patrimonial.<\/p>\n<p style=\"text-align: justify;\">En relaci\u00f3n a la desaparici\u00f3n de mujeres, la legisladora refiri\u00f3 que al 17 de diciembre de 2022 el n\u00famero de casos lleg\u00f3 a 117, conforme a datos de la Asociaci\u00f3n Familias de Acapulco en busca de sus Desaparecidos, A. C., pese a que desde el inicio del nuevo gobierno se implement\u00f3 el Protocolo Violeta, que reporta una efectividad del 94 por ciento.<\/p>\n<p style=\"text-align: justify;\">\u201cTambi\u00e9n hemos de se\u00f1alar la necesidad de que en Guerrero se coordine y fortalezca el trabajo de la Comisi\u00f3n de B\u00fasqueda de Personas, con el prop\u00f3sito de dar seguimiento y mejores resultados en la localizaci\u00f3n de personas, pero, sobre todo, atender los aspectos preventivos\u201d, remarc\u00f3.<\/p>\n<p style=\"text-align: justify;\">Doroteo Calder\u00f3n apunt\u00f3 que \u201cen la medida que disminuyan los grados de impunidad, recuperaremos la tranquilidad para las familias en Guerrero\u201d. En ese sentido, consider\u00f3 importante exhortar a la fiscal que informe al Congreso de las investigaciones sobre estos delitos, y al secretario General de Gobierno sobre las acciones de acompa\u00f1amiento que realiza con los colectivos de b\u00fasqueda de personas desaparecidas.<\/p>\n<p style=\"text-align: justify;\"><strong>\u00a0<\/strong><\/p>\n<p style=\"text-align: justify;\"><strong>Intervenciones <\/strong><\/p>\n<p style=\"text-align: justify;\">El diputado Masedonio Mendoza Basurto intervino en relaci\u00f3n al aniversario del \u201cTriunfo del Pensamiento Liberal en M\u00e9xico\u201d, citando la fecha hist\u00f3rica del 15 de enero de 1847, cuando en un sal\u00f3n del Senado de la Rep\u00fablica habilitado como templo mas\u00f3nico, Benito Ju\u00e1rez fue iniciado.<\/p>\n<p style=\"text-align: justify;\">Se\u00f1al\u00f3 el legislador que la orientaci\u00f3n de la pol\u00edtica en M\u00e9xico no puede entenderse a la distancia sin la orientaci\u00f3n filial de muchos de los ilustres personajes a los que a\u00f1o con a\u00f1o se les rinde memoria, y refiri\u00f3 que con las reformas existentes se puede dar testimonio de que, trat\u00e1ndose de Ju\u00e1rez y su visi\u00f3n republicana, fue congruente con su origen ind\u00edgena y hoy en d\u00eda su legado es la muestra clara de una visi\u00f3n proyectiva y futurista que beneficia a los pueblos originarios de Guerrero y de M\u00e9xico.<\/p>\n","protected":false},"excerpt":{"rendered":"<p>Chilpancingo, Gro., 18 de enero de 2023.- La Comisi\u00f3n Permanente del Congreso del Estado exhort\u00f3 a la titular de la Fiscal\u00eda General del Estado, Sandra Luz Valdovinos Salmer\u00f3n, que informe a esta Soberan\u00eda el estado de las investigaciones de homicidios dolosos en contra de mujeres y feminicidios ocurridos en el a\u00f1o 2022 y lo que&#8230;<\/p>\n","protected":false},"author":1,"featured_media":6123,"comment_status":"closed","ping_status":"open","sticky":false,"template":"","format":"standard","meta":{"_monsterinsights_skip_tracking":false,"_monsterinsights_sitenote_active":false,"_monsterinsights_sitenote_note":"","_monsterinsights_sitenote_category":0,"footnotes":""},"categories":[3,43],"tags":[],"class_list":["post-6122","post","type-post","status-publish","format-standard","has-post-thumbnail","hentry","category-boletin","category-patricia-doroteo-calderon"],"aioseo_notices":[],"_links":{"self":[{"href":"https:\/\/congresogro.gob.mx\/63\/inicio\/wp-json\/wp\/v2\/posts\/6122","targetHints":{"allow":["GET"]}}],"collection":[{"href":"https:\/\/congresogro.gob.mx\/63\/inicio\/wp-json\/wp\/v2\/posts"}],"about":[{"href":"https:\/\/congresogro.gob.mx\/63\/inicio\/wp-json\/wp\/v2\/types\/post"}],"author":[{"embeddable":true,"href":"https:\/\/congresogro.gob.mx\/63\/inicio\/wp-json\/wp\/v2\/users\/1"}],"replies":[{"embeddable":true,"href":"https:\/\/congresogro.gob.mx\/63\/inicio\/wp-json\/wp\/v2\/comments?post=6122"}],"version-history":[{"count":1,"href":"https:\/\/congresogro.gob.mx\/63\/inicio\/wp-json\/wp\/v2\/posts\/6122\/revisions"}],"predecessor-version":[{"id":6124,"href":"https:\/\/congresogro.gob.mx\/63\/inicio\/wp-json\/wp\/v2\/posts\/6122\/revisions\/6124"}],"wp:featuredmedia":[{"embeddable":true,"href":"https:\/\/congresogro.gob.mx\/63\/inicio\/wp-json\/wp\/v2\/media\/6123"}],"wp:attachment":[{"href":"https:\/\/congresogro.gob.mx\/63\/inicio\/wp-json\/wp\/v2\/media?parent=6122"}],"wp:term":[{"taxonomy":"category","embeddable":true,"href":"https:\/\/congresogro.gob.mx\/63\/inicio\/wp-json\/wp\/v2\/categories?post=6122"},{"taxonomy":"post_tag","embeddable":true,"href":"https:\/\/congresogro.gob.mx\/63\/inicio\/wp-json\/wp\/v2\/tags?post=6122"}],"curies":[{"name":"wp","href":"https:\/\/api.w.org\/{rel}","templated":true}]}}