{"id":6119,"date":"2023-01-18T15:53:57","date_gmt":"2023-01-18T21:53:57","guid":{"rendered":"https:\/\/congresogro.gob.mx\/63\/inicio\/?p=6119"},"modified":"2023-01-18T15:53:57","modified_gmt":"2023-01-18T21:53:57","slug":"plantean-rescate-del-bien-inmueble-donde-se-alojo-vicente-guerrero-en-alcozauca","status":"publish","type":"post","link":"https:\/\/congresogro.gob.mx\/63\/inicio\/2023\/01\/18\/plantean-rescate-del-bien-inmueble-donde-se-alojo-vicente-guerrero-en-alcozauca\/","title":{"rendered":"PLANTEAN RESCATE DEL BIEN INMUEBLE DONDE  SE ALOJ\u00d3 VICENTE GUERRERO, EN ALCOZAUCA"},"content":{"rendered":"<p style=\"text-align: justify;\"><strong>Chilpancingo, Gro., 18 de enero de 2023.- <\/strong>El diputado Masedonio Mendoza Basurto present\u00f3 un punto de acuerdo para exhortar a la titular de la Secretar\u00eda de Cultura del estado, A\u00edda Melina Mart\u00ednez Rebolledo, a efecto de que haga las gestiones pertinentes para el rescate del bien inmueble donde se hosped\u00f3 el General Vicente Guerrero durante el proceso de Consumaci\u00f3n de la Independencia Nacional, en 1821, en el municipio de Alcozauca, Guerrero.<\/p>\n<p style=\"text-align: justify;\">En la propuesta que fue turnada a la Comisi\u00f3n de Cultura para su correspondiente an\u00e1lisis y dictaminaci\u00f3n, se rese\u00f1a que Vicente Ram\u00f3n Guerrero Salda\u00f1a, nacido en el municipio de Tixtla el 9 de agosto de 1782, es reconocido y recordado por sus victorias, vocaci\u00f3n, responsabilidad patri\u00f3tica, valor, liderazgo y s\u00edmbolo de resistencia, actor principal de la Consumaci\u00f3n de Independencia junto con Agust\u00edn de Iturbide, a trav\u00e9s del Plan de Iguala.<\/p>\n<p style=\"text-align: justify;\">Recalc\u00f3 el diputado que Vicente Guerrero debe ser recordado por su importante aportaci\u00f3n en la lucha independentista y consolidaci\u00f3n de M\u00e9xico como pa\u00eds libre, del cual fue segundo presidente, y en cuyo honor su apellido fue puesto como nombre a esta entidad federativa del sur, en 1849.<\/p>\n<p style=\"text-align: justify;\">Mendoza Basurto resalt\u00f3 en relaci\u00f3n con su propuesta, que el municipio de Alcozauca fue escenario de batallas militares durante varios a\u00f1os, hasta 1821, cuando se establece una tregua entre Guerrero e Iturbide para pacificar el pa\u00eds y lograr la Independencia.<\/p>\n<p style=\"text-align: justify;\">Por todo lo anterior, indic\u00f3, es de suma importancia recuperar el bien inmueble donde se alojara el General Vicente Guerrero durante sus incursiones por la Monta\u00f1a, y con ello coadyuvar a la conservaci\u00f3n del legado hist\u00f3rico y memoria de un guerrerense ilustre y valeroso que hizo importantes aportaciones al pa\u00eds.<\/p>\n","protected":false},"excerpt":{"rendered":"<p>Chilpancingo, Gro., 18 de enero de 2023.- El diputado Masedonio Mendoza Basurto present\u00f3 un punto de acuerdo para exhortar a la titular de la Secretar\u00eda de Cultura del estado, A\u00edda Melina Mart\u00ednez Rebolledo, a efecto de que haga las gestiones pertinentes para el rescate del bien inmueble donde se hosped\u00f3 el General Vicente Guerrero durante&#8230;<\/p>\n","protected":false},"author":1,"featured_media":6120,"comment_status":"closed","ping_status":"open","sticky":false,"template":"","format":"standard","meta":{"_monsterinsights_skip_tracking":false,"_monsterinsights_sitenote_active":false,"_monsterinsights_sitenote_note":"","_monsterinsights_sitenote_category":0,"footnotes":""},"categories":[3,9],"tags":[],"class_list":["post-6119","post","type-post","status-publish","format-standard","has-post-thumbnail","hentry","category-boletin","category-masedonio-mendoza-aburto"],"aioseo_notices":[],"_links":{"self":[{"href":"https:\/\/congresogro.gob.mx\/63\/inicio\/wp-json\/wp\/v2\/posts\/6119","targetHints":{"allow":["GET"]}}],"collection":[{"href":"https:\/\/congresogro.gob.mx\/63\/inicio\/wp-json\/wp\/v2\/posts"}],"about":[{"href":"https:\/\/congresogro.gob.mx\/63\/inicio\/wp-json\/wp\/v2\/types\/post"}],"author":[{"embeddable":true,"href":"https:\/\/congresogro.gob.mx\/63\/inicio\/wp-json\/wp\/v2\/users\/1"}],"replies":[{"embeddable":true,"href":"https:\/\/congresogro.gob.mx\/63\/inicio\/wp-json\/wp\/v2\/comments?post=6119"}],"version-history":[{"count":1,"href":"https:\/\/congresogro.gob.mx\/63\/inicio\/wp-json\/wp\/v2\/posts\/6119\/revisions"}],"predecessor-version":[{"id":6121,"href":"https:\/\/congresogro.gob.mx\/63\/inicio\/wp-json\/wp\/v2\/posts\/6119\/revisions\/6121"}],"wp:featuredmedia":[{"embeddable":true,"href":"https:\/\/congresogro.gob.mx\/63\/inicio\/wp-json\/wp\/v2\/media\/6120"}],"wp:attachment":[{"href":"https:\/\/congresogro.gob.mx\/63\/inicio\/wp-json\/wp\/v2\/media?parent=6119"}],"wp:term":[{"taxonomy":"category","embeddable":true,"href":"https:\/\/congresogro.gob.mx\/63\/inicio\/wp-json\/wp\/v2\/categories?post=6119"},{"taxonomy":"post_tag","embeddable":true,"href":"https:\/\/congresogro.gob.mx\/63\/inicio\/wp-json\/wp\/v2\/tags?post=6119"}],"curies":[{"name":"wp","href":"https:\/\/api.w.org\/{rel}","templated":true}]}}