{"id":6109,"date":"2023-01-17T13:43:48","date_gmt":"2023-01-17T19:43:48","guid":{"rendered":"https:\/\/congresogro.gob.mx\/63\/inicio\/?p=6109"},"modified":"2023-01-17T13:43:48","modified_gmt":"2023-01-17T19:43:48","slug":"plantean-reforma-para-integrar-el-lenguaje-inclusivo-en-la-constitucion-politica-local","status":"publish","type":"post","link":"https:\/\/congresogro.gob.mx\/63\/inicio\/2023\/01\/17\/plantean-reforma-para-integrar-el-lenguaje-inclusivo-en-la-constitucion-politica-local\/","title":{"rendered":"PLANTEAN REFORMA PARA INTEGRAR EL LENGUAJE  INCLUSIVO EN LA CONSTITUCI\u00d3N POL\u00cdTICA LOCAL"},"content":{"rendered":"<p style=\"text-align: justify;\"><strong>Chilpancingo, Gro., 17 de enero de 2023<\/strong>.- La diputada Jessica Alejo Rayo present\u00f3 una iniciativa de reforma a la Constituci\u00f3n Pol\u00edtica de Guerrero para integrar el lenguaje inclusivo en dicho ordenamiento, a efecto de garantizar la igualdad de g\u00e9nero, combatir la discriminaci\u00f3n y los prejuicios existentes respecto del propio lenguaje.<\/p>\n<p style=\"text-align: justify;\">En su exposici\u00f3n de motivos, la legisladora de Morena explic\u00f3 que el lenguaje inclusivo hace referencia a toda expresi\u00f3n verbal o escrita que utiliza preferiblemente vocabulario neutro, o bien hace evidente el masculino y el femenino, evitando generalizaciones preponderantes del masculino para situaciones o actividades donde aparecen mujeres y hombres.<\/p>\n<p style=\"text-align: justify;\">Abund\u00f3 que pese a existir diversos puestos o espacios de toma decisiones ocupados por mujeres, al no plasmar en las distintas leyes locales los t\u00e9rminos masculino y femenino, da pie a los estereotipos de g\u00e9nero.<\/p>\n<p style=\"text-align: justify;\">Explic\u00f3 que la segmentaci\u00f3n del mercado de trabajo es tambi\u00e9n basada en estereotipos de g\u00e9nero, lo que dificulta la amplia participaci\u00f3n y reconocimiento de las mujeres. Por tal raz\u00f3n, dijo que es necesario hacer reformas en materia de lenguaje incluyente en la Carta Magna para eliminar las barreras que marcan la discriminaci\u00f3n de g\u00e9nero y el sexismo.<\/p>\n<p style=\"text-align: justify;\">Alejo Rayo manifest\u00f3 que, de concretarse esta reforma a la Constituci\u00f3n local, ser\u00e1 un importante avance para garantizar jur\u00eddicamente que los hombres y mujeres son iguales ante la ley, quedando sus derechos plasmados en las expresiones oral, escrita y visual, y evitando generalizar la masculinidad, la exclusi\u00f3n y la subordinaci\u00f3n de la mujer en los roles sociales.<\/p>\n<p style=\"text-align: justify;\">Adem\u00e1s, dijo que la reforma pretende visibilizar la participaci\u00f3n de las mujeres en los tres niveles del gobierno en nuestro estado, as\u00ed como evitar generalizar al masculino gen\u00e9rico como neutro, dignificar a la mujer, haci\u00e9ndola participe como servidora p\u00fablica, y contribuir a modificar el pensamiento sexista en las nuevas generaciones como un instrumento de cambio, de conocimiento y cultura.<\/p>\n<p style=\"text-align: justify;\">Por \u00faltimo, la diputada recalc\u00f3 que es competencia y compromiso del Congreso de Estado legislar y tomar acciones afirmativas encaminadas a garantizar la igualdad sustantiva entre hombres y mujeres en las esferas pol\u00edtica, econ\u00f3mica, social, cultural y civil, o en cualquier otra esfera donde la mujer no tenga las mismas posibilidades de acceder u obtener un beneficio por su condici\u00f3n.<\/p>\n<p style=\"text-align: justify;\">La propuesta fue turnada a la Comisi\u00f3n de Estudios Constitucionales y Jur\u00eddicos para su correspondiente an\u00e1lisis y dictaminaci\u00f3n.<\/p>\n","protected":false},"excerpt":{"rendered":"<p>Chilpancingo, Gro., 17 de enero de 2023.- La diputada Jessica Alejo Rayo present\u00f3 una iniciativa de reforma a la Constituci\u00f3n Pol\u00edtica de Guerrero para integrar el lenguaje inclusivo en dicho ordenamiento, a efecto de garantizar la igualdad de g\u00e9nero, combatir la discriminaci\u00f3n y los prejuicios existentes respecto del propio lenguaje. En su exposici\u00f3n de motivos,&#8230;<\/p>\n","protected":false},"author":1,"featured_media":6110,"comment_status":"closed","ping_status":"open","sticky":false,"template":"","format":"standard","meta":{"_monsterinsights_skip_tracking":false,"_monsterinsights_sitenote_active":false,"_monsterinsights_sitenote_note":"","_monsterinsights_sitenote_category":0,"footnotes":""},"categories":[3,10],"tags":[],"class_list":["post-6109","post","type-post","status-publish","format-standard","has-post-thumbnail","hentry","category-boletin","category-jessica-ivette-alejo-rayo"],"aioseo_notices":[],"_links":{"self":[{"href":"https:\/\/congresogro.gob.mx\/63\/inicio\/wp-json\/wp\/v2\/posts\/6109","targetHints":{"allow":["GET"]}}],"collection":[{"href":"https:\/\/congresogro.gob.mx\/63\/inicio\/wp-json\/wp\/v2\/posts"}],"about":[{"href":"https:\/\/congresogro.gob.mx\/63\/inicio\/wp-json\/wp\/v2\/types\/post"}],"author":[{"embeddable":true,"href":"https:\/\/congresogro.gob.mx\/63\/inicio\/wp-json\/wp\/v2\/users\/1"}],"replies":[{"embeddable":true,"href":"https:\/\/congresogro.gob.mx\/63\/inicio\/wp-json\/wp\/v2\/comments?post=6109"}],"version-history":[{"count":1,"href":"https:\/\/congresogro.gob.mx\/63\/inicio\/wp-json\/wp\/v2\/posts\/6109\/revisions"}],"predecessor-version":[{"id":6111,"href":"https:\/\/congresogro.gob.mx\/63\/inicio\/wp-json\/wp\/v2\/posts\/6109\/revisions\/6111"}],"wp:featuredmedia":[{"embeddable":true,"href":"https:\/\/congresogro.gob.mx\/63\/inicio\/wp-json\/wp\/v2\/media\/6110"}],"wp:attachment":[{"href":"https:\/\/congresogro.gob.mx\/63\/inicio\/wp-json\/wp\/v2\/media?parent=6109"}],"wp:term":[{"taxonomy":"category","embeddable":true,"href":"https:\/\/congresogro.gob.mx\/63\/inicio\/wp-json\/wp\/v2\/categories?post=6109"},{"taxonomy":"post_tag","embeddable":true,"href":"https:\/\/congresogro.gob.mx\/63\/inicio\/wp-json\/wp\/v2\/tags?post=6109"}],"curies":[{"name":"wp","href":"https:\/\/api.w.org\/{rel}","templated":true}]}}