{"id":6105,"date":"2023-01-16T16:04:00","date_gmt":"2023-01-16T22:04:00","guid":{"rendered":"https:\/\/congresogro.gob.mx\/63\/inicio\/?p=6105"},"modified":"2023-01-16T16:04:00","modified_gmt":"2023-01-16T22:04:00","slug":"presentan-iniciativa-para-promover-ensenanza-de-las-artesanias-en-las-escuelas-de-nivel-basico","status":"publish","type":"post","link":"https:\/\/congresogro.gob.mx\/63\/inicio\/2023\/01\/16\/presentan-iniciativa-para-promover-ensenanza-de-las-artesanias-en-las-escuelas-de-nivel-basico\/","title":{"rendered":"PRESENTAN INICIATIVA PARA PROMOVER ENSE\u00d1ANZA  DE LAS ARTESAN\u00cdAS EN LAS ESCUELAS DE NIVEL B\u00c1SICO"},"content":{"rendered":"<p style=\"text-align: justify;\"><strong>Chilpancingo, Gro., 16 de enero de 2023.- <\/strong>La diputada Mar\u00eda Flores Maldonado present\u00f3 una iniciativa de adici\u00f3n a la Ley de Educaci\u00f3n del estado para que la Secretar\u00eda de Educaci\u00f3n Guerrero promueva la ense\u00f1anza, preservaci\u00f3n y conocimiento de las artesan\u00edas de la entidad en el nivel b\u00e1sico.<\/p>\n<p style=\"text-align: justify;\">La legisladora de Morena se\u00f1al\u00f3 que en m\u00e1s del 50 por ciento de los municipios de Guerrero se practica el trabajo artesanal, lo cual indica que un porcentaje importante de la poblaci\u00f3n se sostiene econ\u00f3micamente gracias a esta noble actividad.<\/p>\n<p style=\"text-align: justify;\">Mencion\u00f3 que el producto artesanal es la obra creada mediante la intervenci\u00f3n del trabajo manual del artesano, misma que es considerada como una manifestaci\u00f3n cultural y tradicional, que no forma parte de producciones en serie equiparables a las del sector industrial.<\/p>\n<p style=\"text-align: justify;\">La legisladora precis\u00f3 que actualmente las artesan\u00edas subsisten en la entidad gracias a que los conocimientos de estas t\u00e9cnicas milenarias se han transmitido de generaci\u00f3n en generaci\u00f3n, y regularmente los trabajos se dan en familia, lo cual ayuda a que se siga conservando esta sabidur\u00eda<\/p>\n<p style=\"text-align: justify;\">Flores Maldonado refiri\u00f3 que su iniciativa es motivada por las m\u00e1s de 32 mil personas que se dedican a la actividad artesanal en Guerrero, con el prop\u00f3sito de seguir promoviendo y conservando esta actividad econ\u00f3mica, y abriendo la posibilidad de fortalecer nuestra cultura, a trav\u00e9s de la permanencia de esta sabidur\u00eda popular en las aulas escolares.<\/p>\n<p style=\"text-align: justify;\">La propuesta que adiciona la fracci\u00f3n XI al art\u00edculo 14 de la Ley de Educaci\u00f3n fue turnada a la Comisi\u00f3n de Educaci\u00f3n, Ciencia y Tecnolog\u00eda del Congreso del Estado, para su correspondiente an\u00e1lisis y dictaminaci\u00f3n.<\/p>\n","protected":false},"excerpt":{"rendered":"<p>Chilpancingo, Gro., 16 de enero de 2023.- La diputada Mar\u00eda Flores Maldonado present\u00f3 una iniciativa de adici\u00f3n a la Ley de Educaci\u00f3n del estado para que la Secretar\u00eda de Educaci\u00f3n Guerrero promueva la ense\u00f1anza, preservaci\u00f3n y conocimiento de las artesan\u00edas de la entidad en el nivel b\u00e1sico. La legisladora de Morena se\u00f1al\u00f3 que en m\u00e1s&#8230;<\/p>\n","protected":false},"author":1,"featured_media":6106,"comment_status":"closed","ping_status":"open","sticky":false,"template":"","format":"standard","meta":{"_monsterinsights_skip_tracking":false,"_monsterinsights_sitenote_active":false,"_monsterinsights_sitenote_note":"","_monsterinsights_sitenote_category":0,"footnotes":""},"categories":[3,28],"tags":[],"class_list":["post-6105","post","type-post","status-publish","format-standard","has-post-thumbnail","hentry","category-boletin","category-maria-flores-maldonado"],"aioseo_notices":[],"_links":{"self":[{"href":"https:\/\/congresogro.gob.mx\/63\/inicio\/wp-json\/wp\/v2\/posts\/6105","targetHints":{"allow":["GET"]}}],"collection":[{"href":"https:\/\/congresogro.gob.mx\/63\/inicio\/wp-json\/wp\/v2\/posts"}],"about":[{"href":"https:\/\/congresogro.gob.mx\/63\/inicio\/wp-json\/wp\/v2\/types\/post"}],"author":[{"embeddable":true,"href":"https:\/\/congresogro.gob.mx\/63\/inicio\/wp-json\/wp\/v2\/users\/1"}],"replies":[{"embeddable":true,"href":"https:\/\/congresogro.gob.mx\/63\/inicio\/wp-json\/wp\/v2\/comments?post=6105"}],"version-history":[{"count":1,"href":"https:\/\/congresogro.gob.mx\/63\/inicio\/wp-json\/wp\/v2\/posts\/6105\/revisions"}],"predecessor-version":[{"id":6107,"href":"https:\/\/congresogro.gob.mx\/63\/inicio\/wp-json\/wp\/v2\/posts\/6105\/revisions\/6107"}],"wp:featuredmedia":[{"embeddable":true,"href":"https:\/\/congresogro.gob.mx\/63\/inicio\/wp-json\/wp\/v2\/media\/6106"}],"wp:attachment":[{"href":"https:\/\/congresogro.gob.mx\/63\/inicio\/wp-json\/wp\/v2\/media?parent=6105"}],"wp:term":[{"taxonomy":"category","embeddable":true,"href":"https:\/\/congresogro.gob.mx\/63\/inicio\/wp-json\/wp\/v2\/categories?post=6105"},{"taxonomy":"post_tag","embeddable":true,"href":"https:\/\/congresogro.gob.mx\/63\/inicio\/wp-json\/wp\/v2\/tags?post=6105"}],"curies":[{"name":"wp","href":"https:\/\/api.w.org\/{rel}","templated":true}]}}