{"id":6102,"date":"2023-01-16T16:03:10","date_gmt":"2023-01-16T22:03:10","guid":{"rendered":"https:\/\/congresogro.gob.mx\/63\/inicio\/?p=6102"},"modified":"2023-01-16T16:03:10","modified_gmt":"2023-01-16T22:03:10","slug":"proponen-reforma-para-revocar-la-guarda-y-custodia-de-menores-en-casos-de-golpes-visibles","status":"publish","type":"post","link":"https:\/\/congresogro.gob.mx\/63\/inicio\/2023\/01\/16\/proponen-reforma-para-revocar-la-guarda-y-custodia-de-menores-en-casos-de-golpes-visibles\/","title":{"rendered":"PROPONEN REFORMA PARA REVOCAR LA GUARDA Y  CUSTODIA DE MENORES EN CASOS DE GOLPES VISIBLES"},"content":{"rendered":"<p style=\"text-align: justify;\"><strong>Chilpancingo, Gro., 16 de enero de 2023<\/strong>.- El diputado Carlos Cruz L\u00f3pez present\u00f3 una iniciativa de adici\u00f3n al C\u00f3digo Civil del Estado para que, en caso de violencia familiar contra un menor, baste que sean visibles los golpes externos para que el juez pueda revocar o condicionar la guarda y custodia.<\/p>\n<p style=\"text-align: justify;\">En su exposici\u00f3n de motivos, el legislador del Grupo Parlamentario de Morena sostuvo que en el Derecho Internacional P\u00fablico el ni\u00f1o siempre se ha considerado dentro del derecho de familia, hist\u00f3ricamente sustentado en el contenido de la Declaraci\u00f3n de Ginebra aprobada en 1924 por la Sociedad de las Naciones.<\/p>\n<p style=\"text-align: justify;\">Por lo anterior, dijo que resulta fundamental para el Estado la promoci\u00f3n y la estricta observancia de estos derechos, en particular aquellos que corresponde ejercer desde la familia y que llevan impl\u00edcita la protecci\u00f3n del goce y ejercicio de los derechos de los integrantes de la misma en su interacci\u00f3n diaria.<\/p>\n<p style=\"text-align: justify;\">En ese sentido, destac\u00f3 que es de gran importancia la concurrencia que debe haber entre la familia, el Estado y la sociedad desde su entorno familiar, as\u00ed como en la asunci\u00f3n y cumplimiento de los deberes y obligaciones que tienen estos para el debido desarrollo de la infancia, lo que se encuentra establecido en la Constituci\u00f3n Pol\u00edtica de los Estados Unidos Mexicanos en los p\u00e1rrafos 9 y 10 del art\u00edculo 4.<\/p>\n<p style=\"text-align: justify;\">Cruz L\u00f3pez abund\u00f3 que las ni\u00f1as, ni\u00f1os y adolescentes tienen derecho a vivir una vida libre de toda forma de violencia y a que se resguarde su integridad personal, a fin de lograr las mejores condiciones de bienestar y el libre desarrollo de su personalidad, mientras que las autoridades de los tres niveles de gobierno, en el \u00e1mbito de sus respectivas competencias, est\u00e1n obligadas a tomar las medidas necesarias para prevenir, atender y sancionar los casos en que estos derechos sean vulnerados o se vean afectados.<\/p>\n<p style=\"text-align: justify;\">Concluy\u00f3 que el objetivo de dicha iniciativa es proteger y salvaguardar los derechos de los infantes a un ambiente familiar adecuado y garantizar su cuidado por parte de quien ostente la guarda y custodia, sea la madre, el padre o tutor.<\/p>\n<p style=\"text-align: justify;\">Esta propuesta que pretende adicionar un p\u00e1rrafo al art\u00edculo 600 del C\u00f3digo Civil del estado fue turnada a la Comisi\u00f3n de Justicia, para su respectivo an\u00e1lisis y emisi\u00f3n de dictamen.<\/p>\n","protected":false},"excerpt":{"rendered":"<p>Chilpancingo, Gro., 16 de enero de 2023.- El diputado Carlos Cruz L\u00f3pez present\u00f3 una iniciativa de adici\u00f3n al C\u00f3digo Civil del Estado para que, en caso de violencia familiar contra un menor, baste que sean visibles los golpes externos para que el juez pueda revocar o condicionar la guarda y custodia. En su exposici\u00f3n de&#8230;<\/p>\n","protected":false},"author":1,"featured_media":6103,"comment_status":"closed","ping_status":"open","sticky":false,"template":"","format":"standard","meta":{"_monsterinsights_skip_tracking":false,"_monsterinsights_sitenote_active":false,"_monsterinsights_sitenote_note":"","_monsterinsights_sitenote_category":0,"footnotes":""},"categories":[3,26],"tags":[],"class_list":["post-6102","post","type-post","status-publish","format-standard","has-post-thumbnail","hentry","category-boletin","category-carlos-cruz-lopez"],"aioseo_notices":[],"_links":{"self":[{"href":"https:\/\/congresogro.gob.mx\/63\/inicio\/wp-json\/wp\/v2\/posts\/6102","targetHints":{"allow":["GET"]}}],"collection":[{"href":"https:\/\/congresogro.gob.mx\/63\/inicio\/wp-json\/wp\/v2\/posts"}],"about":[{"href":"https:\/\/congresogro.gob.mx\/63\/inicio\/wp-json\/wp\/v2\/types\/post"}],"author":[{"embeddable":true,"href":"https:\/\/congresogro.gob.mx\/63\/inicio\/wp-json\/wp\/v2\/users\/1"}],"replies":[{"embeddable":true,"href":"https:\/\/congresogro.gob.mx\/63\/inicio\/wp-json\/wp\/v2\/comments?post=6102"}],"version-history":[{"count":1,"href":"https:\/\/congresogro.gob.mx\/63\/inicio\/wp-json\/wp\/v2\/posts\/6102\/revisions"}],"predecessor-version":[{"id":6104,"href":"https:\/\/congresogro.gob.mx\/63\/inicio\/wp-json\/wp\/v2\/posts\/6102\/revisions\/6104"}],"wp:featuredmedia":[{"embeddable":true,"href":"https:\/\/congresogro.gob.mx\/63\/inicio\/wp-json\/wp\/v2\/media\/6103"}],"wp:attachment":[{"href":"https:\/\/congresogro.gob.mx\/63\/inicio\/wp-json\/wp\/v2\/media?parent=6102"}],"wp:term":[{"taxonomy":"category","embeddable":true,"href":"https:\/\/congresogro.gob.mx\/63\/inicio\/wp-json\/wp\/v2\/categories?post=6102"},{"taxonomy":"post_tag","embeddable":true,"href":"https:\/\/congresogro.gob.mx\/63\/inicio\/wp-json\/wp\/v2\/tags?post=6102"}],"curies":[{"name":"wp","href":"https:\/\/api.w.org\/{rel}","templated":true}]}}