{"id":6098,"date":"2023-01-15T09:09:09","date_gmt":"2023-01-15T15:09:09","guid":{"rendered":"https:\/\/congresogro.gob.mx\/63\/inicio\/?p=6098"},"modified":"2023-01-16T09:10:33","modified_gmt":"2023-01-16T15:10:33","slug":"plantean-establecer-el-derecho-animal-en-la-constitucion-politica-local","status":"publish","type":"post","link":"https:\/\/congresogro.gob.mx\/63\/inicio\/2023\/01\/15\/plantean-establecer-el-derecho-animal-en-la-constitucion-politica-local\/","title":{"rendered":"PLANTEAN ESTABLECER EL \u201cDERECHO ANIMAL\u201d EN LA CONSTITUCI\u00d3N POL\u00cdTICA LOCAL"},"content":{"rendered":"<p style=\"text-align: justify;\"><strong>Chilpancingo, Gro., 15 de enero de 2023.-<\/strong> Para establecer el \u201cderecho animal\u201d y respetar la vida e integridad de estos seres sintientes, brind\u00e1ndoles un trato digno, respetuoso y sin maltratos, el diputado Marco Tulio S\u00e1nchez Alarc\u00f3n present\u00f3 una iniciativa de reforma a la Constituci\u00f3n Pol\u00edtica del Estado de Guerrero.<\/p>\n<p style=\"text-align: justify;\">El diputado de Morena detall\u00f3 que en la Ley 491 de Bienestar Animal publicada en el Peri\u00f3dico Oficial del Estado de Guerrero el 26 de octubre de 2019, se reconocen los derechos de los animales y establece las obligaciones y competencias de las autoridades estatales, aunque es necesario que tambi\u00e9n sean reconocidos en la Constituci\u00f3n Pol\u00edtica local; esto debido a que el Art\u00edculo 6 de Los derechos Econ\u00f3micos, Sociales, Culturales y Ambientales no especifica el cuidado animal, lo que representa una ambig\u00fcedad legal.<\/p>\n<p style=\"text-align: justify;\">El legislador reiter\u00f3 que con esta reforma se refuerza el marco jur\u00eddico en la materia para que el Estado se obligue a garantizar la protecci\u00f3n, bienestar, trato digno y respetuoso de los animales, as\u00ed como fomentar una cultura de cuidado y tutela responsable.<\/p>\n<p style=\"text-align: justify;\">En la reforma tambi\u00e9n se determinan las medidas de protecci\u00f3n de los animales en espect\u00e1culos p\u00fablicos, as\u00ed como en otras actividades, de acuerdo a su naturaleza, caracter\u00edsticas y v\u00ednculos con la persona; las conductas prohibidas con objeto de proteger a los animales, y las sanciones aplicables por los actos de maltrato y crueldad.<\/p>\n<p style=\"text-align: justify;\">De la misma forma, se establecen las bases para promover la conservaci\u00f3n, prevenci\u00f3n y evitar maltratos en la crianza; el aprovechamiento de animales de consumo humano y las obligaciones de los ciudadanos guerrerenses, a fin de respetar la vida y la integridad de los animales como seres sintientes.<\/p>\n<p style=\"text-align: justify;\">Esta propuesta de reforma a la Carta Magna local fue turnada a la Comisi\u00f3n de Estudios Constitucionales y Jur\u00eddicos para su respectivo an\u00e1lisis y dictaminaci\u00f3n.<\/p>\n","protected":false},"excerpt":{"rendered":"<p>Chilpancingo, Gro., 15 de enero de 2023.- Para establecer el \u201cderecho animal\u201d y respetar la vida e integridad de estos seres sintientes, brind\u00e1ndoles un trato digno, respetuoso y sin maltratos, el diputado Marco Tulio S\u00e1nchez Alarc\u00f3n present\u00f3 una iniciativa de reforma a la Constituci\u00f3n Pol\u00edtica del Estado de Guerrero. El diputado de Morena detall\u00f3 que&#8230;<\/p>\n","protected":false},"author":1,"featured_media":6099,"comment_status":"closed","ping_status":"open","sticky":false,"template":"","format":"standard","meta":{"_monsterinsights_skip_tracking":false,"_monsterinsights_sitenote_active":false,"_monsterinsights_sitenote_note":"","_monsterinsights_sitenote_category":0,"footnotes":""},"categories":[3,51],"tags":[],"class_list":["post-6098","post","type-post","status-publish","format-standard","has-post-thumbnail","hentry","category-boletin","category-marco-tulio-sanchez"],"aioseo_notices":[],"_links":{"self":[{"href":"https:\/\/congresogro.gob.mx\/63\/inicio\/wp-json\/wp\/v2\/posts\/6098","targetHints":{"allow":["GET"]}}],"collection":[{"href":"https:\/\/congresogro.gob.mx\/63\/inicio\/wp-json\/wp\/v2\/posts"}],"about":[{"href":"https:\/\/congresogro.gob.mx\/63\/inicio\/wp-json\/wp\/v2\/types\/post"}],"author":[{"embeddable":true,"href":"https:\/\/congresogro.gob.mx\/63\/inicio\/wp-json\/wp\/v2\/users\/1"}],"replies":[{"embeddable":true,"href":"https:\/\/congresogro.gob.mx\/63\/inicio\/wp-json\/wp\/v2\/comments?post=6098"}],"version-history":[{"count":1,"href":"https:\/\/congresogro.gob.mx\/63\/inicio\/wp-json\/wp\/v2\/posts\/6098\/revisions"}],"predecessor-version":[{"id":6100,"href":"https:\/\/congresogro.gob.mx\/63\/inicio\/wp-json\/wp\/v2\/posts\/6098\/revisions\/6100"}],"wp:featuredmedia":[{"embeddable":true,"href":"https:\/\/congresogro.gob.mx\/63\/inicio\/wp-json\/wp\/v2\/media\/6099"}],"wp:attachment":[{"href":"https:\/\/congresogro.gob.mx\/63\/inicio\/wp-json\/wp\/v2\/media?parent=6098"}],"wp:term":[{"taxonomy":"category","embeddable":true,"href":"https:\/\/congresogro.gob.mx\/63\/inicio\/wp-json\/wp\/v2\/categories?post=6098"},{"taxonomy":"post_tag","embeddable":true,"href":"https:\/\/congresogro.gob.mx\/63\/inicio\/wp-json\/wp\/v2\/tags?post=6098"}],"curies":[{"name":"wp","href":"https:\/\/api.w.org\/{rel}","templated":true}]}}