{"id":6095,"date":"2023-01-15T09:07:57","date_gmt":"2023-01-15T15:07:57","guid":{"rendered":"https:\/\/congresogro.gob.mx\/63\/inicio\/?p=6095"},"modified":"2023-01-16T09:09:01","modified_gmt":"2023-01-16T15:09:01","slug":"presentan-iniciativas-para-garantizar-la-salud-mental-de-ninos-y-adolescentes-de-guerrero","status":"publish","type":"post","link":"https:\/\/congresogro.gob.mx\/63\/inicio\/2023\/01\/15\/presentan-iniciativas-para-garantizar-la-salud-mental-de-ninos-y-adolescentes-de-guerrero\/","title":{"rendered":"PRESENTAN INICIATIVAS PARA GARANTIZAR LA SALUD MENTAL DE NI\u00d1OS Y ADOLESCENTES DE GUERRERO"},"content":{"rendered":"<p style=\"text-align: justify;\"><strong>Chilpancingo, Gro., 15 de enero de 2023.- <\/strong>La diputada Jessica Alejo Rayo present\u00f3 iniciativas de reforma a la Ley para la Protecci\u00f3n de los Derechos de las Ni\u00f1as, Ni\u00f1os y Adolescentes, a la Ley de la Juventud Guerrerense y a la Ley de Salud, todas del estado de Guerrero, para que se establezcan medidas, estrategias, campa\u00f1as, acciones y pol\u00edticas p\u00fablicas que contribuyan a la prevenci\u00f3n, promoci\u00f3n y atenci\u00f3n de la salud mental, que garantice el bienestar emocional, psicol\u00f3gico y social de estos sectores.<\/p>\n<p style=\"text-align: justify;\">Asimismo, para establecer programas encaminados a la prevenci\u00f3n, atenci\u00f3n y rehabilitaci\u00f3n de discapacidades, adicciones y enfermedades, para lo cual las autoridades del estado y de los municipios, en el \u00e1mbito de sus respectivas competencias, deber\u00e1n coordinarse con las autoridades federales en busca de garantizar que la poblaci\u00f3n infantil y adolescente de la entidad tenga f\u00e1cil acceso a las instituciones de atenci\u00f3n.<\/p>\n<p style=\"text-align: justify;\">Al exponer sus propuestas, la legisladora integrante del Grupo Parlamentario de Morena inform\u00f3 que, de acuerdo con la Organizaci\u00f3n Mundial de la Salud, en el mundo uno de cada siete j\u00f3venes de 10 a 19 a\u00f1os padece alg\u00fan trastorno mental, registr\u00e1ndose entre los principales problemas la depresi\u00f3n y la ansiedad, y ubicando el suicidio como cuarta causa de muerte entre j\u00f3venes de 15 a 29 a\u00f1os.<\/p>\n<p style=\"text-align: justify;\">Adem\u00e1s, detall\u00f3 que 9 por ciento de la poblaci\u00f3n mundial padece alg\u00fan problema de salud mental y 25 por ciento lo tendr\u00e1 en alg\u00fan momento de su vida, por lo que se calcula que para 2030 esto se convertir\u00e1n en la principal causa de discapacidad en el mundo, problema que se registra en todas las sociedades y afecta sin distinci\u00f3n de edad, sexo o condici\u00f3n socioecon\u00f3mica, con consecuencias tanto en el \u00e1mbito personal, como familiar y comunitario.<\/p>\n<p style=\"text-align: justify;\">Por lo anterior, Alejo Rayo llam\u00f3 a sus hom\u00f3logos diputadas y diputados a trabajar en la legislaci\u00f3n local para hacerla acorde a los tiempos actuales, y se vea reflejada en pol\u00edticas p\u00fablicas para la salvaguarda y bienestar de la ni\u00f1ez y la juventud.<\/p>\n<p style=\"text-align: justify;\">Estas iniciativas de reforma a distintas leyes fueron turnadas a las comisiones unidas de Derechos de las Ni\u00f1as, Ni\u00f1os y Adolescentes, de la Juventud y el Deporte y de Salud.<\/p>\n","protected":false},"excerpt":{"rendered":"<p>Chilpancingo, Gro., 15 de enero de 2023.- La diputada Jessica Alejo Rayo present\u00f3 iniciativas de reforma a la Ley para la Protecci\u00f3n de los Derechos de las Ni\u00f1as, Ni\u00f1os y Adolescentes, a la Ley de la Juventud Guerrerense y a la Ley de Salud, todas del estado de Guerrero, para que se establezcan medidas, estrategias,&#8230;<\/p>\n","protected":false},"author":1,"featured_media":6096,"comment_status":"closed","ping_status":"open","sticky":false,"template":"","format":"standard","meta":{"_monsterinsights_skip_tracking":false,"_monsterinsights_sitenote_active":false,"_monsterinsights_sitenote_note":"","_monsterinsights_sitenote_category":0,"footnotes":""},"categories":[3,10],"tags":[],"class_list":["post-6095","post","type-post","status-publish","format-standard","has-post-thumbnail","hentry","category-boletin","category-jessica-ivette-alejo-rayo"],"aioseo_notices":[],"_links":{"self":[{"href":"https:\/\/congresogro.gob.mx\/63\/inicio\/wp-json\/wp\/v2\/posts\/6095","targetHints":{"allow":["GET"]}}],"collection":[{"href":"https:\/\/congresogro.gob.mx\/63\/inicio\/wp-json\/wp\/v2\/posts"}],"about":[{"href":"https:\/\/congresogro.gob.mx\/63\/inicio\/wp-json\/wp\/v2\/types\/post"}],"author":[{"embeddable":true,"href":"https:\/\/congresogro.gob.mx\/63\/inicio\/wp-json\/wp\/v2\/users\/1"}],"replies":[{"embeddable":true,"href":"https:\/\/congresogro.gob.mx\/63\/inicio\/wp-json\/wp\/v2\/comments?post=6095"}],"version-history":[{"count":1,"href":"https:\/\/congresogro.gob.mx\/63\/inicio\/wp-json\/wp\/v2\/posts\/6095\/revisions"}],"predecessor-version":[{"id":6097,"href":"https:\/\/congresogro.gob.mx\/63\/inicio\/wp-json\/wp\/v2\/posts\/6095\/revisions\/6097"}],"wp:featuredmedia":[{"embeddable":true,"href":"https:\/\/congresogro.gob.mx\/63\/inicio\/wp-json\/wp\/v2\/media\/6096"}],"wp:attachment":[{"href":"https:\/\/congresogro.gob.mx\/63\/inicio\/wp-json\/wp\/v2\/media?parent=6095"}],"wp:term":[{"taxonomy":"category","embeddable":true,"href":"https:\/\/congresogro.gob.mx\/63\/inicio\/wp-json\/wp\/v2\/categories?post=6095"},{"taxonomy":"post_tag","embeddable":true,"href":"https:\/\/congresogro.gob.mx\/63\/inicio\/wp-json\/wp\/v2\/tags?post=6095"}],"curies":[{"name":"wp","href":"https:\/\/api.w.org\/{rel}","templated":true}]}}