{"id":6089,"date":"2023-01-13T16:46:00","date_gmt":"2023-01-13T22:46:00","guid":{"rendered":"https:\/\/congresogro.gob.mx\/63\/inicio\/?p=6089"},"modified":"2023-01-13T16:46:00","modified_gmt":"2023-01-13T22:46:00","slug":"exhorta-congreso-a-la-sict-para-que-rehabilite-las-carreteras-de-tierra-caliente","status":"publish","type":"post","link":"https:\/\/congresogro.gob.mx\/63\/inicio\/2023\/01\/13\/exhorta-congreso-a-la-sict-para-que-rehabilite-las-carreteras-de-tierra-caliente\/","title":{"rendered":"EXHORTA CONGRESO A LA SICT PARA QUE REHABILITE LAS CARRETERAS DE TIERRA CALIENTE"},"content":{"rendered":"<p style=\"text-align: justify;\"><strong>Chilpancingo, Gro., 13 de enero de 2023.-<\/strong> El Congreso del Estado exhort\u00f3 al titular de la Secretar\u00eda de Infraestructura, Comunicaciones y Transportes del Gobierno Federal para que, conforme a su competencia, asigne recursos financieros para el mantenimiento de la red carretera federal en la regi\u00f3n Tierra Caliente de Guerrero.<\/p>\n<p style=\"text-align: justify;\">Asimismo, exhort\u00f3 a la gobernadora Evelyn Cecia Salgado Pineda para efecto de elaborar los proyectos ejecutivos de pavimentaci\u00f3n y mantenimiento de la red carretera estatal y caminos rurales de dicha regi\u00f3n.<\/p>\n<p style=\"text-align: justify;\">En el dictamen emitido por la Comisi\u00f3n de Desarrollo urbano y Obras P\u00fablicas, se especifica que el exhorto fue propuesto por la diputada Elzy Camacho Pineda (PRD) y el diputado Adolfo Torales Catal\u00e1n (PRI), quienes se\u00f1alan que la \u00faltima inversi\u00f3n a esta red carretera ocurri\u00f3 en 2014, tiempo que hace necesaria la otorgaci\u00f3n de nuevos recursos para el progreso y desarrollo de la regi\u00f3n.<\/p>\n<p style=\"text-align: justify;\">Agrega que el secretario de Infraestructura, Comunicaciones y Transportes, Jorge Arganiz D\u00edaz-Leal, inform\u00f3 que en el a\u00f1o 2020 se invirtieron en Guerrero m\u00e1s de mil 587 millones de pesos para 48 municipios, exceptuando la red carretera de la regi\u00f3n.<\/p>\n<p style=\"text-align: justify;\">Refiere, asimismo, que la infraestructura de transporte, en especial las carreteras, son obras estrat\u00e9gicas e importantes que permiten consolidar el crecimiento y desarrollo social de las regiones de la entidad, adem\u00e1s de que es indispensable realizar un mantenimiento peri\u00f3dico para propiciar una adecuada movilidad que garantice la seguridad f\u00edsica y patrimonial de los automovilistas,\u00a0 y elevando la competitividad de la econom\u00eda, impulsando la producci\u00f3n, distribuci\u00f3n y comercializaci\u00f3n de productos agr\u00edcolas y dem\u00e1s mercanc\u00edas.<\/p>\n<p style=\"text-align: justify;\">Por todo lo anterior, se exhorta a la dependencia federal para que se asignen recursos a esta red carretera, en congruencia\u00a0 con lo que en repetidas ocasiones ha anunciado: inversiones millonarias para la conservaci\u00f3n de las carreteras libres y de peaje en Guerrero.<\/p>\n","protected":false},"excerpt":{"rendered":"<p>Chilpancingo, Gro., 13 de enero de 2023.- El Congreso del Estado exhort\u00f3 al titular de la Secretar\u00eda de Infraestructura, Comunicaciones y Transportes del Gobierno Federal para que, conforme a su competencia, asigne recursos financieros para el mantenimiento de la red carretera federal en la regi\u00f3n Tierra Caliente de Guerrero. Asimismo, exhort\u00f3 a la gobernadora Evelyn&#8230;<\/p>\n","protected":false},"author":1,"featured_media":6090,"comment_status":"closed","ping_status":"open","sticky":false,"template":"","format":"standard","meta":{"_monsterinsights_skip_tracking":false,"_monsterinsights_sitenote_active":false,"_monsterinsights_sitenote_note":"","_monsterinsights_sitenote_category":0,"footnotes":""},"categories":[3],"tags":[],"class_list":["post-6089","post","type-post","status-publish","format-standard","has-post-thumbnail","hentry","category-boletin"],"aioseo_notices":[],"_links":{"self":[{"href":"https:\/\/congresogro.gob.mx\/63\/inicio\/wp-json\/wp\/v2\/posts\/6089","targetHints":{"allow":["GET"]}}],"collection":[{"href":"https:\/\/congresogro.gob.mx\/63\/inicio\/wp-json\/wp\/v2\/posts"}],"about":[{"href":"https:\/\/congresogro.gob.mx\/63\/inicio\/wp-json\/wp\/v2\/types\/post"}],"author":[{"embeddable":true,"href":"https:\/\/congresogro.gob.mx\/63\/inicio\/wp-json\/wp\/v2\/users\/1"}],"replies":[{"embeddable":true,"href":"https:\/\/congresogro.gob.mx\/63\/inicio\/wp-json\/wp\/v2\/comments?post=6089"}],"version-history":[{"count":1,"href":"https:\/\/congresogro.gob.mx\/63\/inicio\/wp-json\/wp\/v2\/posts\/6089\/revisions"}],"predecessor-version":[{"id":6091,"href":"https:\/\/congresogro.gob.mx\/63\/inicio\/wp-json\/wp\/v2\/posts\/6089\/revisions\/6091"}],"wp:featuredmedia":[{"embeddable":true,"href":"https:\/\/congresogro.gob.mx\/63\/inicio\/wp-json\/wp\/v2\/media\/6090"}],"wp:attachment":[{"href":"https:\/\/congresogro.gob.mx\/63\/inicio\/wp-json\/wp\/v2\/media?parent=6089"}],"wp:term":[{"taxonomy":"category","embeddable":true,"href":"https:\/\/congresogro.gob.mx\/63\/inicio\/wp-json\/wp\/v2\/categories?post=6089"},{"taxonomy":"post_tag","embeddable":true,"href":"https:\/\/congresogro.gob.mx\/63\/inicio\/wp-json\/wp\/v2\/tags?post=6089"}],"curies":[{"name":"wp","href":"https:\/\/api.w.org\/{rel}","templated":true}]}}