{"id":6082,"date":"2023-01-12T09:06:20","date_gmt":"2023-01-12T15:06:20","guid":{"rendered":"https:\/\/congresogro.gob.mx\/63\/inicio\/?p=6082"},"modified":"2023-01-13T09:08:10","modified_gmt":"2023-01-13T15:08:10","slug":"diputada-yanelly-hernandez-rinde-informe-del-primer-periodo-de-sesiones-ordinarias-del-segundo-ano-de-ejercicio-de-la-lxiii-legislatura","status":"publish","type":"post","link":"https:\/\/congresogro.gob.mx\/63\/inicio\/2023\/01\/12\/diputada-yanelly-hernandez-rinde-informe-del-primer-periodo-de-sesiones-ordinarias-del-segundo-ano-de-ejercicio-de-la-lxiii-legislatura\/","title":{"rendered":"DIPUTADA YANELLY HERN\u00c1NDEZ RINDE INFORME DEL PRIMER PERIODO DE SESIONES ORDINARIAS DEL SEGUNDO A\u00d1O DE EJERCICIO DE LA LXIII LEGISLATURA"},"content":{"rendered":"<p style=\"text-align: justify;\"><strong>Chilpancingo, Gro., 12 enero de 2023<\/strong>.- La diputada Yanelly Hern\u00e1ndez Mart\u00ednez, presidenta de la Mesa Directiva del Congreso del Estado, present\u00f3 este jueves ante el Pleno de la LXIII Legislatura el informe de trabajos realizados durante el Primer Periodo de Sesiones Ordinarias del Segundo A\u00f1o de Ejercicio Constitucional.<\/p>\n<p style=\"text-align: justify;\">En este contexto, la legisladora se congratul\u00f3 porque durante este periodo comprendido del 01 de septiembre de 2022 al 15 de enero del 2023, los diferentes grupos parlamentarios demostraron madurez pol\u00edtica y compromiso social, lo que permiti\u00f3 alcanzar los consensos necesarios para poder sacar adelante proyectos legislativos en beneficio del estado.<\/p>\n<p style=\"text-align: justify;\">Detall\u00f3 que que se celebraron 53 sesiones, dos solemnes, siete de comparecencias y 43 ordinarias, durante las cuales se recepcionaron 269 asuntos, mismos que fueron turnados a las comisiones y comit\u00e9s legislativos correspondientes, para su an\u00e1lisis y dictaminaci\u00f3n.<\/p>\n<p style=\"text-align: justify;\">Destac\u00f3 la presentaci\u00f3n de las iniciativas de Ley de Cardioprotecci\u00f3n, Ley de Educaci\u00f3n Superior, Ley de Juicio Pol\u00edtico y Declaraci\u00f3n de Procedencia, Ley para la Creaci\u00f3n del Instituto de Lenguas Ind\u00edgenas, Ley en Materia de Desaparici\u00f3n de Personas y Ley de Movilidad y Seguridad Vial, todas del Estado de Guerrero, adem\u00e1s de la iniciativa de C\u00f3digo Fiscal del Estado de Guerrero enviada por el Titular del Poder Ejecutivo.<\/p>\n<p style=\"text-align: justify;\">En relaci\u00f3n a las iniciativas de reforma a leyes y c\u00f3digos, inform\u00f3 que se recibieron un total de 78, de las cuales 6 fueron presentadas por el Ejecutivo y 72 por integrantes de las LXIII Legislatura, y seis de decretos, tres presentados por el Ejecutivo y otros tres por diputados.<\/p>\n<p style=\"text-align: justify;\">Precis\u00f3 que tambi\u00e9n se aprobaron 82 leyes y un c\u00f3digo, de entre los que destacan las Leyes de Ingresos del Estado de Guerrero para el Ejercicio Fiscal 2023, las leyes de Ingresos de los municipios para el mismo ejercicio, la Ley Org\u00e1nica de la Administraci\u00f3n P\u00fablica y el C\u00f3digo Fiscal del Estado de Guerrero, as\u00ed como 123 decretos.<\/p>\n<p style=\"text-align: justify;\">Al concluir el informe, la presidenta de la Mesa Directiva extern\u00f3 que en este periodo que culmina se logr\u00f3 un avance significativo, con estricto apego a la ley y las instituciones, aunque a\u00fan hay un gran trayecto por recorrer.<\/p>\n<p style=\"text-align: justify;\">En la misma sesi\u00f3n, se aprob\u00f3 un punto de acuerdo suscrito por las diputadas y diputados de la Junta de Coordinaci\u00f3n Pol\u00edtica por el que se suspende la Sesi\u00f3n Solemne en conmemoraci\u00f3n del 173 Aniversario de la Instalaci\u00f3n del Congreso Constituyente del Estado de Guerrero, documento del cual dio lectura la Mesa Directiva.<\/p>\n<p style=\"text-align: justify;\">Este d\u00eda tambi\u00e9n, diputadas y diputados de la Comisi\u00f3n Permanente declararon formalmente instalado el Primer Periodo de Receso correspondiente al Segundo A\u00f1o de Ejercicio Constitucional de la LXIII Legislatura al Congreso del Estado de Guerrero.<\/p>\n","protected":false},"excerpt":{"rendered":"<p>Chilpancingo, Gro., 12 enero de 2023.- La diputada Yanelly Hern\u00e1ndez Mart\u00ednez, presidenta de la Mesa Directiva del Congreso del Estado, present\u00f3 este jueves ante el Pleno de la LXIII Legislatura el informe de trabajos realizados durante el Primer Periodo de Sesiones Ordinarias del Segundo A\u00f1o de Ejercicio Constitucional. En este contexto, la legisladora se congratul\u00f3&#8230;<\/p>\n","protected":false},"author":1,"featured_media":6083,"comment_status":"closed","ping_status":"open","sticky":false,"template":"","format":"standard","meta":{"_monsterinsights_skip_tracking":false,"_monsterinsights_sitenote_active":false,"_monsterinsights_sitenote_note":"","_monsterinsights_sitenote_category":0,"footnotes":""},"categories":[3,18],"tags":[],"class_list":["post-6082","post","type-post","status-publish","format-standard","has-post-thumbnail","hentry","category-boletin","category-yanelly-hernandez-martinez"],"aioseo_notices":[],"_links":{"self":[{"href":"https:\/\/congresogro.gob.mx\/63\/inicio\/wp-json\/wp\/v2\/posts\/6082","targetHints":{"allow":["GET"]}}],"collection":[{"href":"https:\/\/congresogro.gob.mx\/63\/inicio\/wp-json\/wp\/v2\/posts"}],"about":[{"href":"https:\/\/congresogro.gob.mx\/63\/inicio\/wp-json\/wp\/v2\/types\/post"}],"author":[{"embeddable":true,"href":"https:\/\/congresogro.gob.mx\/63\/inicio\/wp-json\/wp\/v2\/users\/1"}],"replies":[{"embeddable":true,"href":"https:\/\/congresogro.gob.mx\/63\/inicio\/wp-json\/wp\/v2\/comments?post=6082"}],"version-history":[{"count":1,"href":"https:\/\/congresogro.gob.mx\/63\/inicio\/wp-json\/wp\/v2\/posts\/6082\/revisions"}],"predecessor-version":[{"id":6084,"href":"https:\/\/congresogro.gob.mx\/63\/inicio\/wp-json\/wp\/v2\/posts\/6082\/revisions\/6084"}],"wp:featuredmedia":[{"embeddable":true,"href":"https:\/\/congresogro.gob.mx\/63\/inicio\/wp-json\/wp\/v2\/media\/6083"}],"wp:attachment":[{"href":"https:\/\/congresogro.gob.mx\/63\/inicio\/wp-json\/wp\/v2\/media?parent=6082"}],"wp:term":[{"taxonomy":"category","embeddable":true,"href":"https:\/\/congresogro.gob.mx\/63\/inicio\/wp-json\/wp\/v2\/categories?post=6082"},{"taxonomy":"post_tag","embeddable":true,"href":"https:\/\/congresogro.gob.mx\/63\/inicio\/wp-json\/wp\/v2\/tags?post=6082"}],"curies":[{"name":"wp","href":"https:\/\/api.w.org\/{rel}","templated":true}]}}