{"id":6078,"date":"2023-01-12T20:19:40","date_gmt":"2023-01-13T02:19:40","guid":{"rendered":"https:\/\/congresogro.gob.mx\/63\/inicio\/?p=6078"},"modified":"2023-01-12T20:19:40","modified_gmt":"2023-01-13T02:19:40","slug":"aprueba-congreso-reformas-a-la-ley-de-proteccion-civil-para-sancionar-las-llamadas-falsas-a-numeros-de-emergencia","status":"publish","type":"post","link":"https:\/\/congresogro.gob.mx\/63\/inicio\/2023\/01\/12\/aprueba-congreso-reformas-a-la-ley-de-proteccion-civil-para-sancionar-las-llamadas-falsas-a-numeros-de-emergencia\/","title":{"rendered":"APRUEBA CONGRESO REFORMAS A LA LEY DE PROTECCI\u00d3N CIVIL PARA SANCIONAR LAS LLAMADAS FALSAS A N\u00daMEROS DE EMERGENCIA"},"content":{"rendered":"<p style=\"text-align: justify;\"><strong>Chilpancingo, Gro., 12 enero de 2023<\/strong>.- El Pleno del Congreso del Estado aprob\u00f3 un dictamen de reforma a la Ley de Protecci\u00f3n Civil del Estado para sancionar las llamadas falsas, de broma e improcedentes a los n\u00fameros de emergencia.<\/p>\n<p style=\"text-align: justify;\">Al fundamentar el dictamen en su calidad de presidenta de la Comisi\u00f3n de Protecci\u00f3n Civil, la diputada Patricia Doroteo Calder\u00f3n expuso que en Guerrero ha sido un reto asegurar el correcto funcionamiento del Sistema Nacional de Atenci\u00f3n a Emergencias, por el obst\u00e1culo que representan las llamadas de broma o falsas, que entorpecen las labores de los cuerpos policiacos y de rescate, causando da\u00f1os al erario y propiciando accidentes y delitos.<\/p>\n<p style=\"text-align: justify;\">Indic\u00f3 que es responsabilidad de las autoridades buscar e implementar mecanismos que abonen al uso adecuado de ese n\u00famero telef\u00f3nico por parte de la poblaci\u00f3n. En ese sentido, dijo que el objetivo principal de la reforma es prevenir y sancionar el mal uso de estos servicios, y con este marco normativo poder llevar un registro e identificaci\u00f3n de n\u00fameros maliciosos, implementando medidas, seg\u00fan su reincidencia, que eviten la saturaci\u00f3n de las l\u00edneas telef\u00f3nicas de los Centros de Atenci\u00f3n a Llamadas de Emergencias (CALLES), favoreciendo los tiempos de respuesta.<\/p>\n<p style=\"text-align: justify;\">Concluy\u00f3 diciendo que es necesario reforzar las estrategias y acciones preventivas para concientizar a la poblaci\u00f3n sobre el adecuado uso de los sistemas de emergencia, y en esa medida aumentar su eficacia en situaciones de riesgo.<\/p>\n<p style=\"text-align: justify;\">El documento establece reformar el art\u00edculo 133 de la Ley N\u00famero 455 de Protecci\u00f3n Civil del Estado de Guerrero para establecer como infracci\u00f3n administrativa contra la seguridad ciudadana el realizar llamadas falsas a los servicios de emergencias, que puedan producir temor o p\u00e1nico colectivos, imponiendo multas de 21 a 100 veces la Unidad de Medida y Actualizaci\u00f3n vigente, y en caso de reincidencia se duplicar\u00e1 la sanci\u00f3n.<\/p>\n<p style=\"text-align: justify;\">El diputado Antonio Helguera Jim\u00e9nez (Morena) razon\u00f3 su voto a favor del dictamen, confiando en que no solo sea para sancionar a quienes hacen mal uso de las l\u00edneas de emergencia, sino con miras a reforzar este instrumento de asistencia a las v\u00edctimas, garantizando el derecho humano a la seguridad p\u00fablica.<\/p>\n<p style=\"text-align: justify;\">A\u00f1adi\u00f3 que el mejoramiento de las l\u00edneas de atenci\u00f3n y emergencia debe servir para atender los problemas delictivos en la entidad, como la extorsi\u00f3n, el secuestro, robo a mano armada y el desplazamiento forzado, adem\u00e1s de eficientar la atenci\u00f3n a la sociedad ante los fen\u00f3menos naturales.<\/p>\n<p style=\"text-align: justify;\">\n<p style=\"text-align: justify;\"><strong>Intervenciones<\/strong><\/p>\n<p style=\"text-align: justify;\">El diputado Joaqu\u00edn Badillo Escamilla intervino con el tema \u201cNuevo ferrocarril en Guerrero\u201d. Al respecto, record\u00f3 que desde el a\u00f1o 1900 una l\u00ednea de ferrocarril cruzaba por los municipios de Buenavista de Cu\u00e9llar, Iguala y Cocula, para terminar en la estaci\u00f3n de Balsas Sur, del municipio de Zumpango del R\u00edo (Eduardo Neri), misma que enlazaba a nuestro estado con el resto del pa\u00eds.<\/p>\n<p style=\"text-align: justify;\">Expuso que las diputadas y diputados tienen la obligaci\u00f3n hist\u00f3rica de impulsar el retorno de la red ferroviaria en nuestro estado, no tan solo para conectar Acapulco, sino lograr la conexi\u00f3n con el corredor interoce\u00e1nico, que ayude al redise\u00f1o econ\u00f3mico de Guerrero, y como una sinergia de esfuerzos entre el pueblo, Gobierno y Congreso.<\/p>\n<p style=\"text-align: justify;\">Se sum\u00f3 al tema del \u201cNuevo ferrocarril en Guerrero\u201d el diputado Ociel Hugar Garc\u00eda Trujillo (PRD), diciendo que debe hacerse una reflexi\u00f3n porque actualmente Guerrero no est\u00e1 dentro de las acciones prioritarias del Gobierno Federal, que impacten en su desarrollo. Ante esto, hizo un llamado al presidente de la Rep\u00fablica para que regrese a ver a Guerrero y realice obras de gran calado que ayuden a erradicar la pobreza y la marginaci\u00f3n social.<\/p>\n<p style=\"text-align: justify;\">\n<p style=\"text-align: justify;\"><strong>Toma de protesta<\/strong><\/p>\n<p style=\"text-align: justify;\">Por \u00faltimo, rindieron protesta las diputadas y diputados propietarios y suplentes que integrar\u00e1n la Comisi\u00f3n Permanente que fungir\u00e1 durante el Primer Periodo de Receso del Segundo A\u00f1o de Ejercicio Constitucional de la LXIII Legislatura, conformada de la manera siguiente:<\/p>\n<p style=\"text-align: justify;\">Presidenta: Yanelly Hern\u00e1ndez Mart\u00ednez; primera vicepresidenta, Leticia Castro Ortiz; segundo vicepresidente, Olaguer Hern\u00e1ndez Flores; secretarios propietarios, Masedonio Mendoza Basurto y Ricardo Astudillo Calvo; secretarias suplentes, Beatriz Mojica Morga y Elzy Camacho Pineda; vocales propietarios, Jessica Alejo Rayo, Rafael Navarrete Quezada, Patricia Doroteo Calder\u00f3n, Gabriela Bernal Res\u00e9ndiz, Claudia Sierra P\u00e9rez, Osbaldo R\u00edos Manrique y Ang\u00e9lica Espinoza Garc\u00eda, y como vocales suplentes Jacinto Gonz\u00e1lez Varona, H\u00e9ctor Apreza Patr\u00f3n, Bernardo Ortega Jim\u00e9nez, Esteban Albarr\u00e1n Mendoza, Yoloczin Dom\u00ednguez Serna, Joaqu\u00edn Badillo Escamilla y\u00a0 Andr\u00e9s Guevara C\u00e1rdenas.<\/p>\n<p><img loading=\"lazy\" decoding=\"async\" class=\"alignnone size-medium wp-image-6080\" src=\"https:\/\/congresogro.gob.mx\/63\/inicio\/wp-content\/uploads\/2023\/01\/COMISIO\u0301N-PERMANENTE-BOL-012-640x480.jpeg\" alt=\"\" width=\"640\" height=\"480\" srcset=\"https:\/\/congresogro.gob.mx\/63\/inicio\/wp-content\/uploads\/2023\/01\/COMISIO\u0301N-PERMANENTE-BOL-012-640x480.jpeg 640w, https:\/\/congresogro.gob.mx\/63\/inicio\/wp-content\/uploads\/2023\/01\/COMISIO\u0301N-PERMANENTE-BOL-012-768x576.jpeg 768w, https:\/\/congresogro.gob.mx\/63\/inicio\/wp-content\/uploads\/2023\/01\/COMISIO\u0301N-PERMANENTE-BOL-012-320x240.jpeg 320w, https:\/\/congresogro.gob.mx\/63\/inicio\/wp-content\/uploads\/2023\/01\/COMISIO\u0301N-PERMANENTE-BOL-012.jpeg 900w\" sizes=\"auto, (max-width: 640px) 100vw, 640px\" \/><\/p>\n","protected":false},"excerpt":{"rendered":"<p>Chilpancingo, Gro., 12 enero de 2023.- El Pleno del Congreso del Estado aprob\u00f3 un dictamen de reforma a la Ley de Protecci\u00f3n Civil del Estado para sancionar las llamadas falsas, de broma e improcedentes a los n\u00fameros de emergencia. Al fundamentar el dictamen en su calidad de presidenta de la Comisi\u00f3n de Protecci\u00f3n Civil, la&#8230;<\/p>\n","protected":false},"author":1,"featured_media":6079,"comment_status":"closed","ping_status":"open","sticky":false,"template":"","format":"standard","meta":{"_monsterinsights_skip_tracking":false,"_monsterinsights_sitenote_active":false,"_monsterinsights_sitenote_note":"","_monsterinsights_sitenote_category":0,"footnotes":""},"categories":[3,43],"tags":[],"class_list":["post-6078","post","type-post","status-publish","format-standard","has-post-thumbnail","hentry","category-boletin","category-patricia-doroteo-calderon"],"aioseo_notices":[],"_links":{"self":[{"href":"https:\/\/congresogro.gob.mx\/63\/inicio\/wp-json\/wp\/v2\/posts\/6078","targetHints":{"allow":["GET"]}}],"collection":[{"href":"https:\/\/congresogro.gob.mx\/63\/inicio\/wp-json\/wp\/v2\/posts"}],"about":[{"href":"https:\/\/congresogro.gob.mx\/63\/inicio\/wp-json\/wp\/v2\/types\/post"}],"author":[{"embeddable":true,"href":"https:\/\/congresogro.gob.mx\/63\/inicio\/wp-json\/wp\/v2\/users\/1"}],"replies":[{"embeddable":true,"href":"https:\/\/congresogro.gob.mx\/63\/inicio\/wp-json\/wp\/v2\/comments?post=6078"}],"version-history":[{"count":1,"href":"https:\/\/congresogro.gob.mx\/63\/inicio\/wp-json\/wp\/v2\/posts\/6078\/revisions"}],"predecessor-version":[{"id":6081,"href":"https:\/\/congresogro.gob.mx\/63\/inicio\/wp-json\/wp\/v2\/posts\/6078\/revisions\/6081"}],"wp:featuredmedia":[{"embeddable":true,"href":"https:\/\/congresogro.gob.mx\/63\/inicio\/wp-json\/wp\/v2\/media\/6079"}],"wp:attachment":[{"href":"https:\/\/congresogro.gob.mx\/63\/inicio\/wp-json\/wp\/v2\/media?parent=6078"}],"wp:term":[{"taxonomy":"category","embeddable":true,"href":"https:\/\/congresogro.gob.mx\/63\/inicio\/wp-json\/wp\/v2\/categories?post=6078"},{"taxonomy":"post_tag","embeddable":true,"href":"https:\/\/congresogro.gob.mx\/63\/inicio\/wp-json\/wp\/v2\/tags?post=6078"}],"curies":[{"name":"wp","href":"https:\/\/api.w.org\/{rel}","templated":true}]}}