{"id":6075,"date":"2023-01-12T20:17:25","date_gmt":"2023-01-13T02:17:25","guid":{"rendered":"https:\/\/congresogro.gob.mx\/63\/inicio\/?p=6075"},"modified":"2023-01-12T20:17:25","modified_gmt":"2023-01-13T02:17:25","slug":"plantean-en-el-congreso-la-creacion-de-la-subsecretaria-de-educacion-indigena","status":"publish","type":"post","link":"https:\/\/congresogro.gob.mx\/63\/inicio\/2023\/01\/12\/plantean-en-el-congreso-la-creacion-de-la-subsecretaria-de-educacion-indigena\/","title":{"rendered":"PLANTEAN EN EL CONGRESO LA CREACI\u00d3N DE  LA SUBSECRETAR\u00cdA DE EDUCACI\u00d3N IND\u00cdGENA"},"content":{"rendered":"<p style=\"text-align: justify;\"><strong>Chilpancingo, Gro., 12 de enero de 2023<\/strong>.- En aras de garantizar la impartici\u00f3n de una educaci\u00f3n con perspectiva intercultural en el estado de Guerrero, la diputada Leticia Mosso Hern\u00e1ndez present\u00f3 una iniciativa de reforma a la Ley de Educaci\u00f3n, para crear la Subsecretar\u00eda de Educaci\u00f3n Ind\u00edgena.<\/p>\n<p style=\"text-align: justify;\">En su propuesta, la legisladora por el Partido del Trabajo detalla que tanto en la Constituci\u00f3n Pol\u00edtica de los Estados Unidos Mexicanos como en los diversos tratados internacionales se reconoce que los pueblos ind\u00edgenas tienen derecho a una educaci\u00f3n con perspectiva intercultural, a trav\u00e9s de las lenguas maternas de los pueblos originarios, y que incluya una visi\u00f3n de sus culturas, historias y aspiraciones.<\/p>\n<p style=\"text-align: justify;\">Ante esto, la legisladora considera pertinente un dise\u00f1o institucional adecuado, de tal forma que existan dependencias p\u00fablicas especializadas en garantizar el derecho de los pueblos ind\u00edgenas a la educaci\u00f3n, sobre todo en los estados que cuentan con una alta poblaci\u00f3n, como lo es Guerrero.<\/p>\n<p style=\"text-align: justify;\">Refiere, asimismo, que durante los procesos de consulta que llev\u00f3 a cabo la LXIII Legislatura en materia de seguridad y educaci\u00f3n, el gremio de maestros de los pueblos ind\u00edgenas solicit\u00f3 la creaci\u00f3n de la Subsecretar\u00eda de Educaci\u00f3n Ind\u00edgena, que sea garante de la ense\u00f1anza con perspectiva intercultural.<\/p>\n<p style=\"text-align: justify;\">Por lo anterior, Mosso Hern\u00e1ndez considera necesario que las autoridades educativas cuenten con un \u00e1rea de alto nivel jer\u00e1rquico que atienda de forma prioritaria, especializada, integral y culturalmente adecuada a la poblaci\u00f3n ind\u00edgena de Guerrero, lo cual puede darse con una subsecretar\u00eda, y no una direcci\u00f3n, como actualmente existe.<\/p>\n<p style=\"text-align: justify;\">Abund\u00f3 que dicha subsecretar\u00eda deber\u00e1 atender las pol\u00edticas educativas en la materia, previa consulta a los pueblos y comunidades ind\u00edgenas, con pertenencia cultural y ling\u00fc\u00edstica, para promover una formaci\u00f3n integral, equitativa e inclusiva, y el reconocimiento, valoraci\u00f3n, apropiaci\u00f3n y reivindicaci\u00f3n de su cosmovisi\u00f3n y lenguas ind\u00edgenas, abocada en la transversalizaci\u00f3n del enfoque intercultural en todos los niveles y modalidades de la educaci\u00f3n, as\u00ed como coadyuvar a la formaci\u00f3n inicial y continua de los docentes que atienden a esta poblaci\u00f3n.<\/p>\n<p style=\"text-align: justify;\">La propuesta fue turnada a la Comisi\u00f3n de Educaci\u00f3n, Ciencia y Tecnolog\u00eda para su an\u00e1lisis y emisi\u00f3n del dictamen correspondiente.<\/p>\n<p style=\"text-align: justify;\">\n<p style=\"text-align: justify;\"><strong>Iniciativas<\/strong><\/p>\n<p style=\"text-align: justify;\">La diputada Jessica Alejo Rayo (Morena) present\u00f3 una iniciativa de reforma a la Constituci\u00f3n Pol\u00edtica de Guerrero para integrar el \u201clenguaje inclusivo\u201d, coadyuvando a la igualdad de g\u00e9nero y para combatir los prejuicios existentes respecto del propio lenguaje. La propuesta fue turnada a la Comisi\u00f3n de Estudios Constitucionales y Jur\u00eddicos.<\/p>\n<p style=\"text-align: justify;\">La legisladora tambi\u00e9n propuso una iniciativa de reformas a la Ley para la Protecci\u00f3n de los Derechos de las Ni\u00f1as, Ni\u00f1os y Adolescentes, a la Ley de la Juventud Guerrerense y a la Ley de Salud, todas del estado de Guerrero, para que se establezcan medidas, estrategias, campa\u00f1as, acciones y pol\u00edticas p\u00fablicas que contribuyan a la prevenci\u00f3n, promoci\u00f3n y atenci\u00f3n de la salud mental, a efecto de garantizar el bienestar emocional, psicol\u00f3gico y social de estos sectores. Asimismo, para que los j\u00f3venes tengan acceso a instituciones y programas encaminados a la prevenci\u00f3n, atenci\u00f3n y rehabilitaci\u00f3n de discapacidades, adicciones y enfermedades.<\/p>\n<p style=\"text-align: justify;\">El documento fue turnado a las comisiones unidas de Derechos de las Ni\u00f1as, Ni\u00f1os y Adolescentes, de la Juventud y el Deporte y de Salud.<\/p>\n<p style=\"text-align: justify;\">A la Comisi\u00f3n de Justicia se turn\u00f3 una iniciativa, presentada por el diputado Carlos Cruz L\u00f3pez (Morena) para adicionar el C\u00f3digo Civil del Estado, a efecto de que, en caso de violencia familiar contra un menor, baste que sean visibles los golpes externos para que el juez pueda revocar o condicionar la guarda y custodia.<\/p>\n<p style=\"text-align: justify;\">En la misma sesi\u00f3n, la Mesa Directiva dio lectura al oficio suscrito por el secretario General de Gobierno por el que remite iniciativas de reforma a los decretos por lo que se crean los municipios de \u00d1uu Savi y San Nicol\u00e1s, signadas por la titular del Poder Ejecutivo estatal. Estas fueron turnadas a la Comisi\u00f3n de Asuntos Pol\u00edticos y Gobernaci\u00f3n.<\/p>\n","protected":false},"excerpt":{"rendered":"<p>Chilpancingo, Gro., 12 de enero de 2023.- En aras de garantizar la impartici\u00f3n de una educaci\u00f3n con perspectiva intercultural en el estado de Guerrero, la diputada Leticia Mosso Hern\u00e1ndez present\u00f3 una iniciativa de reforma a la Ley de Educaci\u00f3n, para crear la Subsecretar\u00eda de Educaci\u00f3n Ind\u00edgena. En su propuesta, la legisladora por el Partido del&#8230;<\/p>\n","protected":false},"author":1,"featured_media":6076,"comment_status":"closed","ping_status":"open","sticky":false,"template":"","format":"standard","meta":{"_monsterinsights_skip_tracking":false,"_monsterinsights_sitenote_active":false,"_monsterinsights_sitenote_note":"","_monsterinsights_sitenote_category":0,"footnotes":""},"categories":[3,30],"tags":[],"class_list":["post-6075","post","type-post","status-publish","format-standard","has-post-thumbnail","hentry","category-boletin","category-leticia-mosso-hernandez"],"aioseo_notices":[],"_links":{"self":[{"href":"https:\/\/congresogro.gob.mx\/63\/inicio\/wp-json\/wp\/v2\/posts\/6075","targetHints":{"allow":["GET"]}}],"collection":[{"href":"https:\/\/congresogro.gob.mx\/63\/inicio\/wp-json\/wp\/v2\/posts"}],"about":[{"href":"https:\/\/congresogro.gob.mx\/63\/inicio\/wp-json\/wp\/v2\/types\/post"}],"author":[{"embeddable":true,"href":"https:\/\/congresogro.gob.mx\/63\/inicio\/wp-json\/wp\/v2\/users\/1"}],"replies":[{"embeddable":true,"href":"https:\/\/congresogro.gob.mx\/63\/inicio\/wp-json\/wp\/v2\/comments?post=6075"}],"version-history":[{"count":1,"href":"https:\/\/congresogro.gob.mx\/63\/inicio\/wp-json\/wp\/v2\/posts\/6075\/revisions"}],"predecessor-version":[{"id":6077,"href":"https:\/\/congresogro.gob.mx\/63\/inicio\/wp-json\/wp\/v2\/posts\/6075\/revisions\/6077"}],"wp:featuredmedia":[{"embeddable":true,"href":"https:\/\/congresogro.gob.mx\/63\/inicio\/wp-json\/wp\/v2\/media\/6076"}],"wp:attachment":[{"href":"https:\/\/congresogro.gob.mx\/63\/inicio\/wp-json\/wp\/v2\/media?parent=6075"}],"wp:term":[{"taxonomy":"category","embeddable":true,"href":"https:\/\/congresogro.gob.mx\/63\/inicio\/wp-json\/wp\/v2\/categories?post=6075"},{"taxonomy":"post_tag","embeddable":true,"href":"https:\/\/congresogro.gob.mx\/63\/inicio\/wp-json\/wp\/v2\/tags?post=6075"}],"curies":[{"name":"wp","href":"https:\/\/api.w.org\/{rel}","templated":true}]}}