{"id":6072,"date":"2023-01-12T20:16:18","date_gmt":"2023-01-13T02:16:18","guid":{"rendered":"https:\/\/congresogro.gob.mx\/63\/inicio\/?p=6072"},"modified":"2023-01-12T20:16:18","modified_gmt":"2023-01-13T02:16:18","slug":"proponen-la-debida-capacitacion-y-registro-del-personal-que-atiende-a-menores-en-los-centros-de-asistencia-social","status":"publish","type":"post","link":"https:\/\/congresogro.gob.mx\/63\/inicio\/2023\/01\/12\/proponen-la-debida-capacitacion-y-registro-del-personal-que-atiende-a-menores-en-los-centros-de-asistencia-social\/","title":{"rendered":"PROPONEN LA DEBIDA CAPACITACI\u00d3N Y REGISTRO DEL PERSONAL QUE ATIENDE A MENORES EN LOS CENTROS DE ASISTENCIA SOCIAL"},"content":{"rendered":"<p style=\"text-align: justify;\"><strong>Chilpancingo, Gro., 12 de enero de 2023<\/strong>.- La diputada Julieta Fern\u00e1ndez M\u00e1rquez propuso adicionar la Ley para la Protecci\u00f3n de los Derechos de Ni\u00f1as, Ni\u00f1os y Adolescentes del Estado, a efecto de establecer que las personas que trabajan en los Centros de Asistencia Social est\u00e1n debidamente registrados, capacitados y sensibilizados en temas de derechos humanos de los menores, ofreciendo mayores garant\u00edas para su protecci\u00f3n y salvaguarda de su integridad f\u00edsica.<\/p>\n<p style=\"text-align: justify;\">La legisladora integrante del Grupo Parlamentario del PRI refiri\u00f3 que en la actualidad cientos de menores se encuentran privados de cuidados parentales y fuera de su n\u00facleo familiar, a causa de diversos factores sociales, econ\u00f3micos, pol\u00edticos o culturales, lo que trae como consecuencia que el Estado asuma su protecci\u00f3n.<\/p>\n<p style=\"text-align: justify;\">A\u00f1adi\u00f3 que el problema de ni\u00f1as, ni\u00f1os y adolescentes en situaci\u00f3n de calle o desamparo es preocupante, como se advierte todos los d\u00edas en las esquinas de las calles, donde se ve a ni\u00f1os y ni\u00f1as trabajando como limpia parabrisas, vendiendo diversos productos o pidiendo alg\u00fan apoyo para su sustento.<\/p>\n<p style=\"text-align: justify;\">Abund\u00f3 que tal situaci\u00f3n pone a los menores en total estado de vulnerabilidad, ya que muchas veces caen en la drogadicci\u00f3n, son objeto de abuso sexual, trata de personas, delinquen e, incluso, son reclutados por el crimen organizado.<\/p>\n<p style=\"text-align: justify;\">Indic\u00f3 que en el pa\u00eds se han adoptado estrategias para la atenci\u00f3n de este grupo en Centros de Asistencia Social, p\u00fablicos, privados y asociaciones, denominados refugios, albergues o casas hogar, que brindan el servicio de acogimiento residencial temporal para ni\u00f1as, ni\u00f1os y adolescentes sin cuidado parental o familiar.<\/p>\n<p style=\"text-align: justify;\">Sin embargo, expuso que en esta entidad no se tiene informaci\u00f3n precisa de cu\u00e1ntos Centros de Asistencia Social operan realmente como albergues, ni cu\u00e1ntos han cumplido con los requisitos para ser registrados por la Procuradur\u00eda Estatal de Protecci\u00f3n a Menores, como tampoco los que son administrados por el Gobierno del Estado a trav\u00e9s del DIF Guerrero, cu\u00e1ntos por los municipios y cu\u00e1ntos por asociaciones e instituciones privadas.<\/p>\n<p style=\"text-align: justify;\">Fern\u00e1ndez M\u00e1rquez subray\u00f3 que los tres \u00f3rdenes de gobierno han realizado esfuerzos por implementar acciones legislativas y administrativas para mejorar los est\u00e1ndares de calidad y la operaci\u00f3n de estos centros, para que los menores tengan garantizada su integridad f\u00edsica y psicol\u00f3gica, y cubiertos todos sus derechos y necesidades.<\/p>\n<p style=\"text-align: justify;\">La legisladora propone que los Centros de Asistencia Social que operan en el estado y que est\u00e1n enfocados a la atenci\u00f3n de ni\u00f1as, ni\u00f1os y adolescentes, tengan no s\u00f3lo la obligaci\u00f3n de mantener actualizado un registro de su personal, para conocer sus antecedentes personales, laborales y acad\u00e9micos, adem\u00e1s de mantener vigente la carta de antecedentes no penales, sino tambi\u00e9n implementar un sistema de monitoreo digital permanente para prevenir la violencia y abuso de menores.<\/p>\n<p style=\"text-align: justify;\">Esta propuesta fue turnada a la Comisi\u00f3n de Derechos de las Ni\u00f1as, Ni\u00f1os y Adolescentes para su respectivo an\u00e1lisis y dictaminaci\u00f3n.<\/p>\n<p style=\"text-align: justify;\">\n<p style=\"text-align: justify;\"><strong>Iniciativas<\/strong><\/p>\n<p style=\"text-align: justify;\">El diputado Marco Tulio S\u00e1nchez Alarc\u00f3n (Morena) present\u00f3 una iniciativa de reforma a la Constituci\u00f3n Pol\u00edtica del Estado para establecer el \u201cderecho animal\u201d, que garantice el respeto a la vida e integridad de estos seres sintientes, y se les brinde un trato digno y respetuoso, evitando el maltrato que sufren diariamente. Fue turnada a la Comisi\u00f3n de Estudios Constitucionales y Jur\u00eddicos.<\/p>\n<p style=\"text-align: justify;\">Por su parte, para que la Secretar\u00eda de Educaci\u00f3n Guerrero promueva la ense\u00f1anza, preservaci\u00f3n y conocimiento de las artesan\u00edas de la entidad en el nivel b\u00e1sico de educaci\u00f3n, la diputada Mar\u00eda Flores Maldonado (Morena) propuso una iniciativa de adici\u00f3n a la Ley de Educaci\u00f3n del Estado. Esta propuesta se turn\u00f3 a la Comisi\u00f3n de Educaci\u00f3n, Ciencia y Tecnolog\u00eda para su an\u00e1lisis y emisi\u00f3n del dictamen correspondiente.<\/p>\n","protected":false},"excerpt":{"rendered":"<p>Chilpancingo, Gro., 12 de enero de 2023.- La diputada Julieta Fern\u00e1ndez M\u00e1rquez propuso adicionar la Ley para la Protecci\u00f3n de los Derechos de Ni\u00f1as, Ni\u00f1os y Adolescentes del Estado, a efecto de establecer que las personas que trabajan en los Centros de Asistencia Social est\u00e1n debidamente registrados, capacitados y sensibilizados en temas de derechos humanos&#8230;<\/p>\n","protected":false},"author":1,"featured_media":6073,"comment_status":"closed","ping_status":"open","sticky":false,"template":"","format":"standard","meta":{"_monsterinsights_skip_tracking":false,"_monsterinsights_sitenote_active":false,"_monsterinsights_sitenote_note":"","_monsterinsights_sitenote_category":0,"footnotes":""},"categories":[3,25],"tags":[],"class_list":["post-6072","post","type-post","status-publish","format-standard","has-post-thumbnail","hentry","category-boletin","category-julieta-fernandez-marquez"],"aioseo_notices":[],"_links":{"self":[{"href":"https:\/\/congresogro.gob.mx\/63\/inicio\/wp-json\/wp\/v2\/posts\/6072","targetHints":{"allow":["GET"]}}],"collection":[{"href":"https:\/\/congresogro.gob.mx\/63\/inicio\/wp-json\/wp\/v2\/posts"}],"about":[{"href":"https:\/\/congresogro.gob.mx\/63\/inicio\/wp-json\/wp\/v2\/types\/post"}],"author":[{"embeddable":true,"href":"https:\/\/congresogro.gob.mx\/63\/inicio\/wp-json\/wp\/v2\/users\/1"}],"replies":[{"embeddable":true,"href":"https:\/\/congresogro.gob.mx\/63\/inicio\/wp-json\/wp\/v2\/comments?post=6072"}],"version-history":[{"count":1,"href":"https:\/\/congresogro.gob.mx\/63\/inicio\/wp-json\/wp\/v2\/posts\/6072\/revisions"}],"predecessor-version":[{"id":6074,"href":"https:\/\/congresogro.gob.mx\/63\/inicio\/wp-json\/wp\/v2\/posts\/6072\/revisions\/6074"}],"wp:featuredmedia":[{"embeddable":true,"href":"https:\/\/congresogro.gob.mx\/63\/inicio\/wp-json\/wp\/v2\/media\/6073"}],"wp:attachment":[{"href":"https:\/\/congresogro.gob.mx\/63\/inicio\/wp-json\/wp\/v2\/media?parent=6072"}],"wp:term":[{"taxonomy":"category","embeddable":true,"href":"https:\/\/congresogro.gob.mx\/63\/inicio\/wp-json\/wp\/v2\/categories?post=6072"},{"taxonomy":"post_tag","embeddable":true,"href":"https:\/\/congresogro.gob.mx\/63\/inicio\/wp-json\/wp\/v2\/tags?post=6072"}],"curies":[{"name":"wp","href":"https:\/\/api.w.org\/{rel}","templated":true}]}}