{"id":607,"date":"2021-09-30T01:50:13","date_gmt":"2021-09-30T01:50:13","guid":{"rendered":"https:\/\/congresogro.gob.mx\/63\/inicio\/?p=607"},"modified":"2021-10-01T01:52:03","modified_gmt":"2021-10-01T01:52:03","slug":"llaman-en-el-congreso-a-retomar-comision-especial-para-la-atencion-del-caso-ayotzinapa","status":"publish","type":"post","link":"https:\/\/congresogro.gob.mx\/63\/inicio\/2021\/09\/30\/llaman-en-el-congreso-a-retomar-comision-especial-para-la-atencion-del-caso-ayotzinapa\/","title":{"rendered":"LLAMAN EN EL CONGRESO A RETOMAR COMISI\u00d3N ESPECIAL  PARA LA ATENCI\u00d3N DEL CASO AYOTZINAPA"},"content":{"rendered":"<p style=\"text-align: justify;\"><strong>Chilpancingo, Gro., 30 de septiembre de 2021.- <\/strong>La diputada Nora Yanek Vel\u00e1zquez Mart\u00ednez hizo un llamado a sus hom\u00f3logos para retomar la Comisi\u00f3n Especial Para la Atenci\u00f3n del Caso Ayotzinapa, que coadyuve\u00a0 al esclarecimiento de los hechos sucedidos el 26 y 27 de septiembre del a\u00f1o 2014 en Iguala de la independencia.<\/p>\n<p style=\"text-align: justify;\">El llamado lo realiz\u00f3 durante su participaci\u00f3n en tribuna en la sesi\u00f3n ordinaria del pasado martes con motivo de los siete a\u00f1os de la desaparici\u00f3n de los 43 estudiantes de la Escuela Normal Rural \u00abRa\u00fal Isidro Burgos\u00bb de Ayotzinapa, suceso que registr\u00f3 el asesinato de seis personas, 40 lesionados, contando a dos estudiantes con afectaciones graves y permanentes, sin que hasta el momento se conozca la verdad de los hechos ni el paradero de los estudiantes.<\/p>\n<p style=\"text-align: justify;\">La legisladora manifest\u00f3 que a ra\u00edz de la creaci\u00f3n de la Fiscal\u00eda Especial para el Caso Ayotzinapa al interior de la Fiscal\u00eda General de la Rep\u00fablica, se ha demostrado la falsedad de la llamada \u00abverdad hist\u00f3rica\u00bb, se reconstruyeron los procesos judiciales y se han conocido nuevos elementos.<\/p>\n<p style=\"text-align: justify;\">Con lo anterior, confi\u00f3 que pronto se conozca los hechos la verdad y lograr con ello dar respuesta al clamor de justicia de los padres de los 43 estudiantes.<\/p>\n<p style=\"text-align: justify;\">Vel\u00e1zquez Mart\u00ednez record\u00f3 que hace dos a\u00f1os desde la m\u00e1xima tribuna del Congreso del Estado los padres y madres de familia de los estudiantes desaparecidos clamaron al Congreso de Guerrero su acompa\u00f1amiento; sin embargo, han faltado acciones Ur contribuyan al restablecimiento de la justicia y el derecho a la verdad, por lo que conmin\u00f3 a las y los diputados a asumir un verdadero compromiso con las madres y padres de los desaparecidos y con la ciudadan\u00eda en general, para trabajar desde sus trincheras en la erradicaci\u00f3n de la violencia que prevalece\u00a0 en la entidad.<\/p>\n","protected":false},"excerpt":{"rendered":"<p>Chilpancingo, Gro., 30 de septiembre de 2021.- La diputada Nora Yanek Vel\u00e1zquez Mart\u00ednez hizo un llamado a sus hom\u00f3logos para retomar la Comisi\u00f3n Especial Para la Atenci\u00f3n del Caso Ayotzinapa, que coadyuve\u00a0 al esclarecimiento de los hechos sucedidos el 26 y 27 de septiembre del a\u00f1o 2014 en Iguala de la independencia. El llamado lo&#8230;<\/p>\n","protected":false},"author":1,"featured_media":608,"comment_status":"closed","ping_status":"open","sticky":false,"template":"","format":"standard","meta":{"_monsterinsights_skip_tracking":false,"_monsterinsights_sitenote_active":false,"_monsterinsights_sitenote_note":"","_monsterinsights_sitenote_category":0,"footnotes":""},"categories":[3,32],"tags":[],"class_list":["post-607","post","type-post","status-publish","format-standard","has-post-thumbnail","hentry","category-boletin","category-nora-yanek-velazquez-martinez"],"aioseo_notices":[],"_links":{"self":[{"href":"https:\/\/congresogro.gob.mx\/63\/inicio\/wp-json\/wp\/v2\/posts\/607","targetHints":{"allow":["GET"]}}],"collection":[{"href":"https:\/\/congresogro.gob.mx\/63\/inicio\/wp-json\/wp\/v2\/posts"}],"about":[{"href":"https:\/\/congresogro.gob.mx\/63\/inicio\/wp-json\/wp\/v2\/types\/post"}],"author":[{"embeddable":true,"href":"https:\/\/congresogro.gob.mx\/63\/inicio\/wp-json\/wp\/v2\/users\/1"}],"replies":[{"embeddable":true,"href":"https:\/\/congresogro.gob.mx\/63\/inicio\/wp-json\/wp\/v2\/comments?post=607"}],"version-history":[{"count":1,"href":"https:\/\/congresogro.gob.mx\/63\/inicio\/wp-json\/wp\/v2\/posts\/607\/revisions"}],"predecessor-version":[{"id":609,"href":"https:\/\/congresogro.gob.mx\/63\/inicio\/wp-json\/wp\/v2\/posts\/607\/revisions\/609"}],"wp:featuredmedia":[{"embeddable":true,"href":"https:\/\/congresogro.gob.mx\/63\/inicio\/wp-json\/wp\/v2\/media\/608"}],"wp:attachment":[{"href":"https:\/\/congresogro.gob.mx\/63\/inicio\/wp-json\/wp\/v2\/media?parent=607"}],"wp:term":[{"taxonomy":"category","embeddable":true,"href":"https:\/\/congresogro.gob.mx\/63\/inicio\/wp-json\/wp\/v2\/categories?post=607"},{"taxonomy":"post_tag","embeddable":true,"href":"https:\/\/congresogro.gob.mx\/63\/inicio\/wp-json\/wp\/v2\/tags?post=607"}],"curies":[{"name":"wp","href":"https:\/\/api.w.org\/{rel}","templated":true}]}}