{"id":6063,"date":"2023-01-11T15:08:23","date_gmt":"2023-01-11T21:08:23","guid":{"rendered":"https:\/\/congresogro.gob.mx\/63\/inicio\/?p=6063"},"modified":"2023-01-11T15:08:23","modified_gmt":"2023-01-11T21:08:23","slug":"el-congreso-del-estado-cerro-exitosamente-el-2022-celebra-la-diputada-yoloczin-dominguez-serna","status":"publish","type":"post","link":"https:\/\/congresogro.gob.mx\/63\/inicio\/2023\/01\/11\/el-congreso-del-estado-cerro-exitosamente-el-2022-celebra-la-diputada-yoloczin-dominguez-serna\/","title":{"rendered":"EL CONGRESO DEL ESTADO CERR\u00d3 EXITOSAMENTE EL 2022,  CELEBRA LA DIPUTADA YOLOCZIN DOM\u00cdNGUEZ SERNA"},"content":{"rendered":"<p style=\"text-align: justify;\"><strong>Chilpancingo, Gro., 11 de enero de 2023<\/strong>.- La diputada Yoloczin Dom\u00ednguez Serna, presidenta de la Junta de Coordinaci\u00f3n Pol\u00edtica (Jucopo), se congratul\u00f3 porque el Congreso de Guerrero cerr\u00f3 de manera exitosa el a\u00f1o 2022, con el desahogo de m\u00faltiples asuntos pendientes de gran relevancia para la entidad.<\/p>\n<p style=\"text-align: justify;\">Record\u00f3 que a partir del mes septiembre del a\u00f1o pasado, cuando asumi\u00f3 la Presidencia de la Jucopo, inici\u00f3 la ruta de di\u00e1logo cercano y franco con las y los coordinadores de los diferentes grupos y representaciones parlamentarias, lo que permiti\u00f3 avanzar en temas que estaban detenidos por falta de acuerdos.<\/p>\n<p style=\"text-align: justify;\">Uno de esos temas, apunt\u00f3, fue el nombramiento del auditor superior del estado, luego de que durante casi un a\u00f1o esta instancia fiscalizadora fungi\u00f3 con una encargada, restando legitimidad y legalidad a muchas de sus acciones.<\/p>\n<p style=\"text-align: justify;\">En ese tenor, refiri\u00f3 que gracias al consenso fueron posibles los nombramientos de titulares de los distintos \u00f3rganos t\u00e9cnico-administrativos del Congreso, desde los secretarios de Servicios Parlamentarios y de Servicios Financieros y Administrativos, los directores de Comunicaci\u00f3n y del Instituto de Estudios Parlamentarios, hasta los responsables de las unidades de Transparencia e Igualdad de G\u00e9nero.<\/p>\n<p style=\"text-align: justify;\">Destac\u00f3, asimismo, la aprobaci\u00f3n de la Sierra como Octava Regi\u00f3n y la minuta de reformas constitucionales relativas a la Guardia Nacional, as\u00ed como el desarrollo del proceso de consultas a comunidades y pueblos ind\u00edgenas, afromexicanos y personas con discapacidad, entre otros temas de suma trascendencia.<\/p>\n<p style=\"text-align: justify;\">Dom\u00ednguez Serna inform\u00f3 que este 15 de enero culmina el Primer Periodo de Sesiones Ordinarias correspondientes al Segundo A\u00f1o Legislativo, para dar paso al periodo de receso, en que fungir\u00e1 la Comisi\u00f3n Permanente. Sin embargo, asever\u00f3 que las diputadas y diputados estar\u00e1n trabajando en la programaci\u00f3n y calendarizaci\u00f3n de otros temas prioritarios, sin dejar de lado la labor de dictaminaci\u00f3n de iniciativas y exhortos por parte de las diferentes comisiones ordinarias.<\/p>\n<p style=\"text-align: justify;\">Por otro lado, la legisladora reconoci\u00f3 el acompa\u00f1amiento y disposici\u00f3n de la gobernadora Evelyn Salgado Pineda para dar continuidad a los trabajos de construcci\u00f3n de la biblioteca del Poder Legislativo, y abund\u00f3 que en d\u00edas pr\u00f3ximos la Jucopo sostendr\u00e1 una reuni\u00f3n de trabajo con la titular de la Secretar\u00eda de Obras P\u00fablicas para revisar los detalles de la construcci\u00f3n y los periodos de culminaci\u00f3n de las distintas etapas de la obra.<\/p>\n<p style=\"text-align: justify;\">En otro tema, inform\u00f3 que ya se tiene un dictamen por parte de la Comisi\u00f3n Especial para investigar la alteraci\u00f3n a la Ley del Sistema de Seguridad P\u00fablica, precisando que antes del cierre del periodo se dar\u00e1 a conocer lo relacionado a la investigaci\u00f3n.<\/p>\n<p style=\"text-align: justify;\">\u201cSe debe respetar el debido proceso, pero s\u00ed hay que dejarlo bien en claro: no se solapar\u00e1 ning\u00fan acto de corrupci\u00f3n en la presente legislatura\u201d, remat\u00f3.<\/p>\n","protected":false},"excerpt":{"rendered":"<p>Chilpancingo, Gro., 11 de enero de 2023.- La diputada Yoloczin Dom\u00ednguez Serna, presidenta de la Junta de Coordinaci\u00f3n Pol\u00edtica (Jucopo), se congratul\u00f3 porque el Congreso de Guerrero cerr\u00f3 de manera exitosa el a\u00f1o 2022, con el desahogo de m\u00faltiples asuntos pendientes de gran relevancia para la entidad. Record\u00f3 que a partir del mes septiembre del&#8230;<\/p>\n","protected":false},"author":1,"featured_media":6064,"comment_status":"closed","ping_status":"open","sticky":false,"template":"","format":"standard","meta":{"_monsterinsights_skip_tracking":false,"_monsterinsights_sitenote_active":false,"_monsterinsights_sitenote_note":"","_monsterinsights_sitenote_category":0,"footnotes":""},"categories":[3,15],"tags":[],"class_list":["post-6063","post","type-post","status-publish","format-standard","has-post-thumbnail","hentry","category-boletin","category-yoloczin-dominguez-serna"],"aioseo_notices":[],"_links":{"self":[{"href":"https:\/\/congresogro.gob.mx\/63\/inicio\/wp-json\/wp\/v2\/posts\/6063","targetHints":{"allow":["GET"]}}],"collection":[{"href":"https:\/\/congresogro.gob.mx\/63\/inicio\/wp-json\/wp\/v2\/posts"}],"about":[{"href":"https:\/\/congresogro.gob.mx\/63\/inicio\/wp-json\/wp\/v2\/types\/post"}],"author":[{"embeddable":true,"href":"https:\/\/congresogro.gob.mx\/63\/inicio\/wp-json\/wp\/v2\/users\/1"}],"replies":[{"embeddable":true,"href":"https:\/\/congresogro.gob.mx\/63\/inicio\/wp-json\/wp\/v2\/comments?post=6063"}],"version-history":[{"count":1,"href":"https:\/\/congresogro.gob.mx\/63\/inicio\/wp-json\/wp\/v2\/posts\/6063\/revisions"}],"predecessor-version":[{"id":6065,"href":"https:\/\/congresogro.gob.mx\/63\/inicio\/wp-json\/wp\/v2\/posts\/6063\/revisions\/6065"}],"wp:featuredmedia":[{"embeddable":true,"href":"https:\/\/congresogro.gob.mx\/63\/inicio\/wp-json\/wp\/v2\/media\/6064"}],"wp:attachment":[{"href":"https:\/\/congresogro.gob.mx\/63\/inicio\/wp-json\/wp\/v2\/media?parent=6063"}],"wp:term":[{"taxonomy":"category","embeddable":true,"href":"https:\/\/congresogro.gob.mx\/63\/inicio\/wp-json\/wp\/v2\/categories?post=6063"},{"taxonomy":"post_tag","embeddable":true,"href":"https:\/\/congresogro.gob.mx\/63\/inicio\/wp-json\/wp\/v2\/tags?post=6063"}],"curies":[{"name":"wp","href":"https:\/\/api.w.org\/{rel}","templated":true}]}}