{"id":6057,"date":"2023-01-10T16:21:02","date_gmt":"2023-01-10T22:21:02","guid":{"rendered":"https:\/\/congresogro.gob.mx\/63\/inicio\/?p=6057"},"modified":"2023-01-10T16:21:02","modified_gmt":"2023-01-10T22:21:02","slug":"llaman-desde-el-congreso-a-continuar-por-la-ruta-del-dialogo-y-el-entendimiento-para-el-desahogo-de-asuntos-de-relevancia-para-guerrero","status":"publish","type":"post","link":"https:\/\/congresogro.gob.mx\/63\/inicio\/2023\/01\/10\/llaman-desde-el-congreso-a-continuar-por-la-ruta-del-dialogo-y-el-entendimiento-para-el-desahogo-de-asuntos-de-relevancia-para-guerrero\/","title":{"rendered":"LLAMAN DESDE EL CONGRESO A CONTINUAR POR LA RUTA DEL DI\u00c1LOGO Y EL ENTENDIMIENTO PARA EL DESAHOGO DE ASUNTOS DE RELEVANCIA PARA GUERRERO"},"content":{"rendered":"<p style=\"text-align: justify;\"><strong>Chilpancingo, Gro., 10 de enero de 2023<\/strong>.- El diputado Bernardo Ortega Jim\u00e9nez llam\u00f3 desde tribuna a sus compa\u00f1eros y compa\u00f1eras integrantes de la LXIII Legislatura para reflexionar en torno a los logros obtenidos el a\u00f1o anterior y los pendientes para este 2023, a efecto de actualizar las agendas legislativas de los grupos y representaciones parlamentarias, y lograr una agenda com\u00fan que contemple el desahogo de los asuntos m\u00e1s relevantes para Guerrero.<\/p>\n<p style=\"text-align: justify;\">Al intervenir con el tema \u201cLos desaf\u00edos, retos y pendientes de la LXIII Legislatura para este 2023\u201d, manifest\u00f3 que es sano y necesario realizar un ejercicio de reflexi\u00f3n para poder identificar los asuntos que m\u00e1s importan a las y los guerrerenses, a trav\u00e9s de la ruta del entendimiento y el di\u00e1logo.<\/p>\n<p style=\"text-align: justify;\">Reconoci\u00f3 que meses atr\u00e1s el Congreso del Estado se encontraba en una par\u00e1lisis legislativa, sin poder desahogar temas importantes como el nombramiento del titular de la Auditor\u00eda Superior del Estado. Sin embargo, celebr\u00f3 que con la nueva integraci\u00f3n de la Junta de Coordinaci\u00f3n Pol\u00edtica se ha logrado la construcci\u00f3n de grandes consensos y mejorado la relaci\u00f3n institucional con los poderes Ejecutivo y Judicial, as\u00ed como con los \u00f3rganos aut\u00f3nomos, lo que los motiva a seguir por la misma ruta, en busca de lograr m\u00e1s resultados positivos en favor de la ciudadan\u00eda.<\/p>\n<p style=\"text-align: justify;\">Ante esto, el diputado integrante del Grupo Parlamentario del PRD invit\u00f3 a sus compa\u00f1eras y compa\u00f1eros diputados a tener una actitud positiva para que este a\u00f1o que inicia se tenga una gran producci\u00f3n legislativa, sacando pendientes como la designaci\u00f3n de titulares de los \u00f3rganos de Control Interno de instituciones aut\u00f3nomas, los nombramientos de integrantes de Cabildo en los municipios de reciente creaci\u00f3n, continuar con las consultas a los pueblos originarios y a personas con discapacidad, bajo los criterios que marca la Suprema Corte de Justicia de la Naci\u00f3n, por mencionar algunos.<\/p>\n<p style=\"text-align: justify;\">Al final, invit\u00f3 a sus hom\u00f3logos para que intensifiquen los trabajos al interior de las comisiones ordinarias y dictaminar los temas pendientes, haciendo a un lado intereses partidistas y asumiendo la responsabilidad que como representantes populares tienen en la soluci\u00f3n de los distintos problemas que aquejan al estado de Guerrero.<\/p>\n<p style=\"text-align: justify;\">\n<p style=\"text-align: justify;\"><strong>Iniciativa <\/strong><\/p>\n<p style=\"text-align: justify;\">El diputado Carlos Cruz L\u00f3pez (Morena) present\u00f3 una iniciativa de adici\u00f3n a la Ley de Instituciones y Procedimientos Electorales del Estado de Guerrero para que las casillas electorales cuenten con plantillas en sistema braille, que al ser sobrepuestas en las boletas de sufragio, permitan a las personas con discapacidad visual saber el contenido de las mismas, y de esta manera emitan libremente su voto por el candidato o candidata de su preferencia. Esta propuesta fue turnada a la Comisi\u00f3n de Asuntos Pol\u00edticos y Gobernaci\u00f3n para su correspondiente an\u00e1lisis y dictaminaci\u00f3n.<\/p>\n","protected":false},"excerpt":{"rendered":"<p>Chilpancingo, Gro., 10 de enero de 2023.- El diputado Bernardo Ortega Jim\u00e9nez llam\u00f3 desde tribuna a sus compa\u00f1eros y compa\u00f1eras integrantes de la LXIII Legislatura para reflexionar en torno a los logros obtenidos el a\u00f1o anterior y los pendientes para este 2023, a efecto de actualizar las agendas legislativas de los grupos y representaciones parlamentarias,&#8230;<\/p>\n","protected":false},"author":1,"featured_media":6058,"comment_status":"closed","ping_status":"open","sticky":false,"template":"","format":"standard","meta":{"_monsterinsights_skip_tracking":false,"_monsterinsights_sitenote_active":false,"_monsterinsights_sitenote_note":"","_monsterinsights_sitenote_category":0,"footnotes":""},"categories":[29,3],"tags":[],"class_list":["post-6057","post","type-post","status-publish","format-standard","has-post-thumbnail","hentry","category-bernardo-ortega-jimenez","category-boletin"],"aioseo_notices":[],"_links":{"self":[{"href":"https:\/\/congresogro.gob.mx\/63\/inicio\/wp-json\/wp\/v2\/posts\/6057","targetHints":{"allow":["GET"]}}],"collection":[{"href":"https:\/\/congresogro.gob.mx\/63\/inicio\/wp-json\/wp\/v2\/posts"}],"about":[{"href":"https:\/\/congresogro.gob.mx\/63\/inicio\/wp-json\/wp\/v2\/types\/post"}],"author":[{"embeddable":true,"href":"https:\/\/congresogro.gob.mx\/63\/inicio\/wp-json\/wp\/v2\/users\/1"}],"replies":[{"embeddable":true,"href":"https:\/\/congresogro.gob.mx\/63\/inicio\/wp-json\/wp\/v2\/comments?post=6057"}],"version-history":[{"count":1,"href":"https:\/\/congresogro.gob.mx\/63\/inicio\/wp-json\/wp\/v2\/posts\/6057\/revisions"}],"predecessor-version":[{"id":6059,"href":"https:\/\/congresogro.gob.mx\/63\/inicio\/wp-json\/wp\/v2\/posts\/6057\/revisions\/6059"}],"wp:featuredmedia":[{"embeddable":true,"href":"https:\/\/congresogro.gob.mx\/63\/inicio\/wp-json\/wp\/v2\/media\/6058"}],"wp:attachment":[{"href":"https:\/\/congresogro.gob.mx\/63\/inicio\/wp-json\/wp\/v2\/media?parent=6057"}],"wp:term":[{"taxonomy":"category","embeddable":true,"href":"https:\/\/congresogro.gob.mx\/63\/inicio\/wp-json\/wp\/v2\/categories?post=6057"},{"taxonomy":"post_tag","embeddable":true,"href":"https:\/\/congresogro.gob.mx\/63\/inicio\/wp-json\/wp\/v2\/tags?post=6057"}],"curies":[{"name":"wp","href":"https:\/\/api.w.org\/{rel}","templated":true}]}}