{"id":5926,"date":"2022-12-21T10:53:39","date_gmt":"2022-12-21T16:53:39","guid":{"rendered":"https:\/\/congresogro.gob.mx\/63\/inicio\/?p=5926"},"modified":"2022-12-23T10:54:23","modified_gmt":"2022-12-23T16:54:23","slug":"contempla-el-presupuesto-2023-mas-apoyos-institucionales-para-la-diversidad-sexual-adelanta-el-diputado-jacinto-gonzalez","status":"publish","type":"post","link":"https:\/\/congresogro.gob.mx\/63\/inicio\/2022\/12\/21\/contempla-el-presupuesto-2023-mas-apoyos-institucionales-para-la-diversidad-sexual-adelanta-el-diputado-jacinto-gonzalez\/","title":{"rendered":"CONTEMPLA EL PRESUPUESTO 2023 M\u00c1S APOYOS INSTITUCIONALES PARA LA DIVERSIDAD SEXUAL, ADELANTA EL DIPUTADO JACINTO GONZ\u00c1LEZ"},"content":{"rendered":"<p style=\"text-align: justify;\"><strong>Chilpancingo, Gro., 21 de diciembre de 2022<\/strong>. &#8211; El diputado Jacinto Gonz\u00e1lez Varona inform\u00f3 que el Presupuesto de Egresos 2023 contempla recursos para la consolidaci\u00f3n del apoyo institucional a la comunidad de la diversidad sexual en Guerrero.<\/p>\n<p style=\"text-align: justify;\">En entrevista, el legislador detall\u00f3 que, en una primera etapa, se promovi\u00f3 que en el Presupuesto, a trav\u00e9s de la Secretar\u00eda de Desarrollo y Bienestar Social, se orientara una partida especial para proyectos productivos y de desarrollo enfocados a la comunidad LGBTIQ+.<\/p>\n<p style=\"text-align: justify;\">En materia legislativa, se\u00f1al\u00f3 que el pr\u00f3ximo a\u00f1o buscar\u00e1n la aprobaci\u00f3n de la Ley de Identidad de G\u00e9nero, iniciativa que se encuentra en an\u00e1lisis, junto a otra similar, para que pueda ser homologado el marco jur\u00eddico y garantizar plenamente los derechos de este sector de la poblaci\u00f3n.<\/p>\n<p style=\"text-align: justify;\">En temas de fiscalizaci\u00f3n, el tambi\u00e9n presidente de la Comisi\u00f3n de Vigilancia y Evaluaci\u00f3n de la Auditor\u00eda Superior del Estado manifest\u00f3 que 2022 fue un a\u00f1o complicado por la falta de un titular de la ASE, hasta que finalmente se logr\u00f3 consensar en el Congreso la necesaria designaci\u00f3n, que le diera legalidad a las acciones de esta importante instituci\u00f3n.<\/p>\n<p style=\"text-align: justify;\">Al respecto, asever\u00f3 que fue una buena decisi\u00f3n el nombramiento de Marco C\u00e9sar Paris Peralta. \u201cConocimos apenas la noticia de que la ASE tiene una calificaci\u00f3n del 98.7 por ciento en la plataforma nacional de transparencia. Sin duda que la llegada del nuevo titular le dio gobernabilidad y certeza a los actos de esta instituci\u00f3n, y con ello, todos los entes fiscalizables est\u00e1n a la orden en la entrega de sus informes individuales\u201d, apunt\u00f3.<\/p>\n","protected":false},"excerpt":{"rendered":"<p>Chilpancingo, Gro., 21 de diciembre de 2022. &#8211; El diputado Jacinto Gonz\u00e1lez Varona inform\u00f3 que el Presupuesto de Egresos 2023 contempla recursos para la consolidaci\u00f3n del apoyo institucional a la comunidad de la diversidad sexual en Guerrero. En entrevista, el legislador detall\u00f3 que, en una primera etapa, se promovi\u00f3 que en el Presupuesto, a trav\u00e9s&#8230;<\/p>\n","protected":false},"author":1,"featured_media":5927,"comment_status":"closed","ping_status":"open","sticky":false,"template":"","format":"standard","meta":{"_monsterinsights_skip_tracking":false,"_monsterinsights_sitenote_active":false,"_monsterinsights_sitenote_note":"","_monsterinsights_sitenote_category":0,"footnotes":""},"categories":[3,24],"tags":[],"class_list":["post-5926","post","type-post","status-publish","format-standard","has-post-thumbnail","hentry","category-boletin","category-jacinto-gonzalez"],"aioseo_notices":[],"_links":{"self":[{"href":"https:\/\/congresogro.gob.mx\/63\/inicio\/wp-json\/wp\/v2\/posts\/5926","targetHints":{"allow":["GET"]}}],"collection":[{"href":"https:\/\/congresogro.gob.mx\/63\/inicio\/wp-json\/wp\/v2\/posts"}],"about":[{"href":"https:\/\/congresogro.gob.mx\/63\/inicio\/wp-json\/wp\/v2\/types\/post"}],"author":[{"embeddable":true,"href":"https:\/\/congresogro.gob.mx\/63\/inicio\/wp-json\/wp\/v2\/users\/1"}],"replies":[{"embeddable":true,"href":"https:\/\/congresogro.gob.mx\/63\/inicio\/wp-json\/wp\/v2\/comments?post=5926"}],"version-history":[{"count":1,"href":"https:\/\/congresogro.gob.mx\/63\/inicio\/wp-json\/wp\/v2\/posts\/5926\/revisions"}],"predecessor-version":[{"id":5928,"href":"https:\/\/congresogro.gob.mx\/63\/inicio\/wp-json\/wp\/v2\/posts\/5926\/revisions\/5928"}],"wp:featuredmedia":[{"embeddable":true,"href":"https:\/\/congresogro.gob.mx\/63\/inicio\/wp-json\/wp\/v2\/media\/5927"}],"wp:attachment":[{"href":"https:\/\/congresogro.gob.mx\/63\/inicio\/wp-json\/wp\/v2\/media?parent=5926"}],"wp:term":[{"taxonomy":"category","embeddable":true,"href":"https:\/\/congresogro.gob.mx\/63\/inicio\/wp-json\/wp\/v2\/categories?post=5926"},{"taxonomy":"post_tag","embeddable":true,"href":"https:\/\/congresogro.gob.mx\/63\/inicio\/wp-json\/wp\/v2\/tags?post=5926"}],"curies":[{"name":"wp","href":"https:\/\/api.w.org\/{rel}","templated":true}]}}