{"id":5923,"date":"2022-12-20T10:52:39","date_gmt":"2022-12-20T16:52:39","guid":{"rendered":"https:\/\/congresogro.gob.mx\/63\/inicio\/?p=5923"},"modified":"2022-12-23T10:53:25","modified_gmt":"2022-12-23T16:53:25","slug":"trabaja-comision-de-artesanias-del-congreso-en-un-plan-para-la-promocion-de-productos-y-mejor-presupuesto-para-el-sector","status":"publish","type":"post","link":"https:\/\/congresogro.gob.mx\/63\/inicio\/2022\/12\/20\/trabaja-comision-de-artesanias-del-congreso-en-un-plan-para-la-promocion-de-productos-y-mejor-presupuesto-para-el-sector\/","title":{"rendered":"TRABAJA COMISI\u00d3N DE ARTESAN\u00cdAS DEL CONGRESO EN UN PLAN PARA LA PROMOCI\u00d3N DE PRODUCTOS Y MEJOR PRESUPUESTO PARA EL SECTOR"},"content":{"rendered":"<p style=\"text-align: justify;\"><strong>Chilpancingo, Gro., 20 de diciembre de 2022.-<\/strong> La Comisi\u00f3n de Artesan\u00edas del Congreso del Estado desarrolla un plan de acciones para que los artesanos guerrerenses puedan comercializar sus productos no solo a nivel nacional, sino internacional.<\/p>\n<p style=\"text-align: justify;\">As\u00ed lo se\u00f1al\u00f3 en entrevista la diputada Mar\u00eda Flores Maldonado, presidenta del citado \u00f3rgano legislativo, quien reiter\u00f3 que desde el Poder Legislativo siempre se ha buscado apoyar a este sector productivo, muestra de lo cual son las dos ferias artesanales realizadas al interior de la sede parlamentaria, donde los artesanos de diversos municipios de la entidad acudieron para promover y vender sus productos.<\/p>\n<p style=\"text-align: justify;\">Adem\u00e1s, indic\u00f3 que hace unos d\u00edas acudi\u00f3 junto con algunos representantes de artesanos guerrerenses a la Feria Nacional de Artesan\u00edas de Colombia, donde se logr\u00f3 que el pr\u00f3ximo a\u00f1o participe el estado de Guerrero con la promoci\u00f3n y venta de sus creaciones, lo que, sin duda, ayudar\u00e1 a posicionar los productos locales a nivel internacional.<\/p>\n<p style=\"text-align: justify;\">La diputada inform\u00f3 que tambi\u00e9n vendr\u00e1n en los pr\u00f3ximos d\u00edas a esta entidad artesanos de Per\u00fa, con quienes se intercambiar\u00e1n conocimientos sobre la elaboraci\u00f3n de artesan\u00edas representativas de ambos pa\u00edses.<\/p>\n<p style=\"text-align: justify;\">Flores Maldonado asegur\u00f3 que el objetivo esencial de estas y otras acciones emprendidas por la comisi\u00f3n ordinaria del Congreso es que los artesanos puedan vender sus productos sin intermediarios, lo que les brindar\u00e1 mejores ingresos y, por ende, mejor calidad de vida para ellos y sus familias.<\/p>\n<p style=\"text-align: justify;\">Por \u00faltimo, la legisladora adelant\u00f3 que el pr\u00f3ximo a\u00f1o presentar\u00e1 reformas a la Ley de Artesan\u00edas del Estado de Guerrero para actualizarla y lograr para los artesanos guerrerenses un mayor presupuesto, adem\u00e1s de que propondr\u00e1 instituir el D\u00eda del Artesano Guerrerense, mismo que estar\u00e1 enmarcado en un magno festival para la venta y promoci\u00f3n de los cientos de productos t\u00edpicos de Guerrero.<\/p>\n","protected":false},"excerpt":{"rendered":"<p>Chilpancingo, Gro., 20 de diciembre de 2022.- La Comisi\u00f3n de Artesan\u00edas del Congreso del Estado desarrolla un plan de acciones para que los artesanos guerrerenses puedan comercializar sus productos no solo a nivel nacional, sino internacional. As\u00ed lo se\u00f1al\u00f3 en entrevista la diputada Mar\u00eda Flores Maldonado, presidenta del citado \u00f3rgano legislativo, quien reiter\u00f3 que desde&#8230;<\/p>\n","protected":false},"author":1,"featured_media":5924,"comment_status":"closed","ping_status":"open","sticky":false,"template":"","format":"standard","meta":{"_monsterinsights_skip_tracking":false,"_monsterinsights_sitenote_active":false,"_monsterinsights_sitenote_note":"","_monsterinsights_sitenote_category":0,"footnotes":""},"categories":[3,28],"tags":[],"class_list":["post-5923","post","type-post","status-publish","format-standard","has-post-thumbnail","hentry","category-boletin","category-maria-flores-maldonado"],"aioseo_notices":[],"_links":{"self":[{"href":"https:\/\/congresogro.gob.mx\/63\/inicio\/wp-json\/wp\/v2\/posts\/5923","targetHints":{"allow":["GET"]}}],"collection":[{"href":"https:\/\/congresogro.gob.mx\/63\/inicio\/wp-json\/wp\/v2\/posts"}],"about":[{"href":"https:\/\/congresogro.gob.mx\/63\/inicio\/wp-json\/wp\/v2\/types\/post"}],"author":[{"embeddable":true,"href":"https:\/\/congresogro.gob.mx\/63\/inicio\/wp-json\/wp\/v2\/users\/1"}],"replies":[{"embeddable":true,"href":"https:\/\/congresogro.gob.mx\/63\/inicio\/wp-json\/wp\/v2\/comments?post=5923"}],"version-history":[{"count":1,"href":"https:\/\/congresogro.gob.mx\/63\/inicio\/wp-json\/wp\/v2\/posts\/5923\/revisions"}],"predecessor-version":[{"id":5925,"href":"https:\/\/congresogro.gob.mx\/63\/inicio\/wp-json\/wp\/v2\/posts\/5923\/revisions\/5925"}],"wp:featuredmedia":[{"embeddable":true,"href":"https:\/\/congresogro.gob.mx\/63\/inicio\/wp-json\/wp\/v2\/media\/5924"}],"wp:attachment":[{"href":"https:\/\/congresogro.gob.mx\/63\/inicio\/wp-json\/wp\/v2\/media?parent=5923"}],"wp:term":[{"taxonomy":"category","embeddable":true,"href":"https:\/\/congresogro.gob.mx\/63\/inicio\/wp-json\/wp\/v2\/categories?post=5923"},{"taxonomy":"post_tag","embeddable":true,"href":"https:\/\/congresogro.gob.mx\/63\/inicio\/wp-json\/wp\/v2\/tags?post=5923"}],"curies":[{"name":"wp","href":"https:\/\/api.w.org\/{rel}","templated":true}]}}